{"id":3928,"date":"2023-09-11T14:04:11","date_gmt":"2023-09-11T17:04:11","guid":{"rendered":"https:\/\/cidadebaixaonline.com.br\/?p=3928"},"modified":"2023-09-11T14:04:14","modified_gmt":"2023-09-11T17:04:14","slug":"operacao-prende-12-acusados-de-homicidios-e-de-integrar-faccoes-na-bahia-e-em-outros-estados","status":"publish","type":"post","link":"https:\/\/cidadebaixaonline.com.br\/index.php\/2023\/09\/11\/operacao-prende-12-acusados-de-homicidios-e-de-integrar-faccoes-na-bahia-e-em-outros-estados\/","title":{"rendered":"Opera\u00e7\u00e3o prende 12 acusados de homic\u00eddios e de integrar fac\u00e7\u00f5es na Bahia e em outros estados"},"content":{"rendered":"\n<p>Pelo menos 12 pessoas foram presas durante opera\u00e7\u00e3o deflagrada na manh\u00e3 desta segunda-feira (11) em munic\u00edpios da Regi\u00e3o Metropolitana de Salvador (RMS) e no interior do estado, como\u00a0Feira de Santana. N\u00e3o h\u00e1 mais informa\u00e7\u00f5es onde as pris\u00f5es ocorreram. Segundo a Pol\u00edcia Civil, a a\u00e7\u00e3o faz parte do \u201cDia D\u201d do primeiro ciclo da Opera\u00e7\u00e3o Paz, iniciada no dia 1\u00ba de setembro em 12 estados brasileiros.<\/p>\n\n\n\n<p>J\u00e1 foram realizadas nove pris\u00f5es em cumprimentos de mandados e outras tr\u00eas em flagrante. Liderada pelo Minist\u00e9rio da Justi\u00e7a e Seguran\u00e7a P\u00fablica (MJSP), a opera\u00e7\u00e3o, que conta com as for\u00e7as policiais dos estados envolvidos, tem por objetivo combater homic\u00eddios, agindo sobre os fatores que mais fomentam tais crimes, como o tr\u00e1fico de drogas e a forma\u00e7\u00e3o de organiza\u00e7\u00f5es criminosas.<\/p>\n\n\n\n<p>Na Bahia, o trabalho da Pol\u00edcia Civil \u00e9 orientado pela Coordena\u00e7\u00e3o de Opera\u00e7\u00f5es de Pol\u00edcia Judici\u00e1ria (COPJ). Os mandados a serem cumpridos nesta segunda s\u00e3o resultado de investiga\u00e7\u00f5es em curso e de informa\u00e7\u00f5es de intelig\u00eancia coletadas ao longo dos primeiros dias deste fase inicial.<\/p>\n\n\n\n<p>Al\u00e9m da Bahia, a Opera\u00e7\u00e3o Paz tem a\u00e7\u00f5es no Amap\u00e1, Amazonas, Cear\u00e1, Goi\u00e1s, Maranh\u00e3o, Par\u00e1, Pernambuco, Rio de Janeiro, Rio Grande do Norte, Roraima e Tocantins.<\/p>\n\n\n\n<p>Fonte: Bahia Not\u00edcias  <\/p>\n","protected":false},"excerpt":{"rendered":"<p>Pelo menos 12 pessoas foram presas durante opera\u00e7\u00e3o deflagrada na manh\u00e3 desta segunda-feira (11) em munic\u00edpios da Regi\u00e3o Metropolitana de Salvador (RMS) e no interior do estado, como\u00a0Feira de Santana. N\u00e3o h\u00e1 mais informa\u00e7\u00f5es onde as pris\u00f5es ocorreram. Segundo a Pol\u00edcia Civil, a a\u00e7\u00e3o faz parte do \u201cDia D\u201d do primeiro ciclo da Opera\u00e7\u00e3o Paz, [&hellip;]<\/p>\n","protected":false},"author":2,"featured_media":3929,"comment_status":"open","ping_status":"open","sticky":false,"template":"","format":"standard","meta":{"jnews-multi-image_gallery":[],"jnews_single_post":{"subtitle":"","format":"standard","video":"","gallery":"","source_name":"","source_url":"","via_name":"","via_url":"","override_template":"0","override":[{"template":"1","single_blog_custom":"","parallax":"1","fullscreen":"1","layout":"right-sidebar","sidebar":"default-sidebar","second_sidebar":"default-sidebar","sticky_sidebar":"1","share_position":"top","share_float_style":"share-monocrhome","show_share_counter":"0","show_view_counter":"0","show_featured":"1","show_post_meta":"1","show_post_author":"0","show_post_author_image":"1","show_post_date":"1","post_date_format":"default","post_date_format_custom":"Y\/m\/d","show_post_category":"1","show_post_reading_time":"0","post_reading_time_wpm":"300","show_zoom_button":"0","zoom_button_out_step":"2","zoom_button_in_step":"3","show_post_tag":"1","show_prev_next_post":"1","show_popup_post":"1","number_popup_post":"1","show_author_box":"0","show_post_related":"0","show_inline_post_related":"0"}],"override_image_size":"0","image_override":[{"single_post_thumbnail_size":"no-crop","single_post_gallery_size":"crop-715"}],"trending_post":"0","trending_post_position":"meta","trending_post_label":"Trending","sponsored_post":"0","sponsored_post_label":"Sponsored by","sponsored_post_name":"","sponsored_post_url":"","sponsored_post_logo_enable":"0","sponsored_post_logo":"","sponsored_post_desc":"","disable_ad":"0"},"jnews_primary_category":{"id":"","hide":""},"footnotes":""},"categories":[105],"tags":[],"class_list":["post-3928","post","type-post","status-publish","format-standard","has-post-thumbnail","hentry","category-policia"],"_links":{"self":[{"href":"https:\/\/cidadebaixaonline.com.br\/index.php\/wp-json\/wp\/v2\/posts\/3928","targetHints":{"allow":["GET"]}}],"collection":[{"href":"https:\/\/cidadebaixaonline.com.br\/index.php\/wp-json\/wp\/v2\/posts"}],"about":[{"href":"https:\/\/cidadebaixaonline.com.br\/index.php\/wp-json\/wp\/v2\/types\/post"}],"author":[{"embeddable":true,"href":"https:\/\/cidadebaixaonline.com.br\/index.php\/wp-json\/wp\/v2\/users\/2"}],"replies":[{"embeddable":true,"href":"https:\/\/cidadebaixaonline.com.br\/index.php\/wp-json\/wp\/v2\/comments?post=3928"}],"version-history":[{"count":1,"href":"https:\/\/cidadebaixaonline.com.br\/index.php\/wp-json\/wp\/v2\/posts\/3928\/revisions"}],"predecessor-version":[{"id":3930,"href":"https:\/\/cidadebaixaonline.com.br\/index.php\/wp-json\/wp\/v2\/posts\/3928\/revisions\/3930"}],"wp:featuredmedia":[{"embeddable":true,"href":"https:\/\/cidadebaixaonline.com.br\/index.php\/wp-json\/wp\/v2\/media\/3929"}],"wp:attachment":[{"href":"https:\/\/cidadebaixaonline.com.br\/index.php\/wp-json\/wp\/v2\/media?parent=3928"}],"wp:term":[{"taxonomy":"category","embeddable":true,"href":"https:\/\/cidadebaixaonline.com.br\/index.php\/wp-json\/wp\/v2\/categories?post=3928"},{"taxonomy":"post_tag","embeddable":true,"href":"https:\/\/cidadebaixaonline.com.br\/index.php\/wp-json\/wp\/v2\/tags?post=3928"}],"curies":[{"name":"wp","href":"https:\/\/api.w.org\/{rel}","templated":true}]}}