{"id":3925,"date":"2023-09-11T14:03:27","date_gmt":"2023-09-11T17:03:27","guid":{"rendered":"https:\/\/cidadebaixaonline.com.br\/?p=3925"},"modified":"2023-09-11T14:03:29","modified_gmt":"2023-09-11T17:03:29","slug":"envolvidos-em-morte-de-policial-em-vaquejada-sao-presos","status":"publish","type":"post","link":"https:\/\/cidadebaixaonline.com.br\/index.php\/2023\/09\/11\/envolvidos-em-morte-de-policial-em-vaquejada-sao-presos\/","title":{"rendered":"Envolvidos em morte de policial em vaquejada s\u00e3o presos"},"content":{"rendered":"\n<p>A\u00a0investiga\u00e7\u00e3o da morte do policial civil, ocorrida no \u00faltimo s\u00e1bado (9), no munic\u00edpio de Cajazeirinhas, ganhou desdobramentos um dia depois. Isso porque quatro envolvidos no assassinato foram presos, nas cidades de Jo\u00e3o Pessoal e Pombal, ambas no estado da Para\u00edba.\u00a0As informa\u00e7\u00f5es s\u00e3o da Pol\u00edcia Civil local.<\/p>\n\n\n\n<p>Na sa\u00edda de uma vaquejada, o agente teria discutido com o motorista de outro carro, durante um extenso engarrafamento na sa\u00edda do evento. Testemunhas indicaram que o autor do crime disparou tr\u00eas vezes contra a v\u00edtima, todos na regi\u00e3o da cabe\u00e7a, que morreu na hora.<\/p>\n\n\n\n<p>A v\u00edtima, identificada como Jerre Adriano de Sousa Ribeiro, atuava na delegacia de Passagem, que \u00e9 ligada \u00e0 Seccional de Patos, e estava na Pol\u00edcia Civil desde 2016.<\/p>\n\n\n\n<p>Do mesmo modo, outras tr\u00eas pessoas, que estavam no carro com o autor dos disparos, fugiram ap\u00f3s o crime. A PC-PB lamentou, por meio de nota, a morte do agente.<\/p>\n\n\n\n<p>Fonte: Bnews <\/p>\n\n\n\n<p><\/p>\n","protected":false},"excerpt":{"rendered":"<p>A\u00a0investiga\u00e7\u00e3o da morte do policial civil, ocorrida no \u00faltimo s\u00e1bado (9), no munic\u00edpio de Cajazeirinhas, ganhou desdobramentos um dia depois. Isso porque quatro envolvidos no assassinato foram presos, nas cidades de Jo\u00e3o Pessoal e Pombal, ambas no estado da Para\u00edba.\u00a0As informa\u00e7\u00f5es s\u00e3o da Pol\u00edcia Civil local. Na sa\u00edda de uma vaquejada, o agente teria discutido [&hellip;]<\/p>\n","protected":false},"author":2,"featured_media":3926,"comment_status":"open","ping_status":"open","sticky":false,"template":"","format":"standard","meta":{"jnews-multi-image_gallery":[],"jnews_single_post":{"subtitle":"","format":"standard","video":"","gallery":"","source_name":"","source_url":"","via_name":"","via_url":"","override_template":"0","override":[{"template":"1","single_blog_custom":"","parallax":"1","fullscreen":"1","layout":"right-sidebar","sidebar":"default-sidebar","second_sidebar":"default-sidebar","sticky_sidebar":"1","share_position":"top","share_float_style":"share-monocrhome","show_share_counter":"0","show_view_counter":"0","show_featured":"1","show_post_meta":"1","show_post_author":"0","show_post_author_image":"1","show_post_date":"1","post_date_format":"default","post_date_format_custom":"Y\/m\/d","show_post_category":"1","show_post_reading_time":"0","post_reading_time_wpm":"300","show_zoom_button":"0","zoom_button_out_step":"2","zoom_button_in_step":"3","show_post_tag":"1","show_prev_next_post":"1","show_popup_post":"1","number_popup_post":"1","show_author_box":"0","show_post_related":"0","show_inline_post_related":"0"}],"override_image_size":"0","image_override":[{"single_post_thumbnail_size":"no-crop","single_post_gallery_size":"crop-715"}],"trending_post":"0","trending_post_position":"meta","trending_post_label":"Trending","sponsored_post":"0","sponsored_post_label":"Sponsored by","sponsored_post_name":"","sponsored_post_url":"","sponsored_post_logo_enable":"0","sponsored_post_logo":"","sponsored_post_desc":"","disable_ad":"0"},"jnews_primary_category":{"id":"","hide":""},"footnotes":""},"categories":[105],"tags":[],"class_list":["post-3925","post","type-post","status-publish","format-standard","has-post-thumbnail","hentry","category-policia"],"_links":{"self":[{"href":"https:\/\/cidadebaixaonline.com.br\/index.php\/wp-json\/wp\/v2\/posts\/3925","targetHints":{"allow":["GET"]}}],"collection":[{"href":"https:\/\/cidadebaixaonline.com.br\/index.php\/wp-json\/wp\/v2\/posts"}],"about":[{"href":"https:\/\/cidadebaixaonline.com.br\/index.php\/wp-json\/wp\/v2\/types\/post"}],"author":[{"embeddable":true,"href":"https:\/\/cidadebaixaonline.com.br\/index.php\/wp-json\/wp\/v2\/users\/2"}],"replies":[{"embeddable":true,"href":"https:\/\/cidadebaixaonline.com.br\/index.php\/wp-json\/wp\/v2\/comments?post=3925"}],"version-history":[{"count":1,"href":"https:\/\/cidadebaixaonline.com.br\/index.php\/wp-json\/wp\/v2\/posts\/3925\/revisions"}],"predecessor-version":[{"id":3927,"href":"https:\/\/cidadebaixaonline.com.br\/index.php\/wp-json\/wp\/v2\/posts\/3925\/revisions\/3927"}],"wp:featuredmedia":[{"embeddable":true,"href":"https:\/\/cidadebaixaonline.com.br\/index.php\/wp-json\/wp\/v2\/media\/3926"}],"wp:attachment":[{"href":"https:\/\/cidadebaixaonline.com.br\/index.php\/wp-json\/wp\/v2\/media?parent=3925"}],"wp:term":[{"taxonomy":"category","embeddable":true,"href":"https:\/\/cidadebaixaonline.com.br\/index.php\/wp-json\/wp\/v2\/categories?post=3925"},{"taxonomy":"post_tag","embeddable":true,"href":"https:\/\/cidadebaixaonline.com.br\/index.php\/wp-json\/wp\/v2\/tags?post=3925"}],"curies":[{"name":"wp","href":"https:\/\/api.w.org\/{rel}","templated":true}]}}