{"id":3922,"date":"2023-09-11T13:55:18","date_gmt":"2023-09-11T16:55:18","guid":{"rendered":"https:\/\/cidadebaixaonline.com.br\/?p=3922"},"modified":"2023-09-11T13:55:20","modified_gmt":"2023-09-11T16:55:20","slug":"alan-sanches-diz-que-oposicao-decidira-apoio-a-reconducao-de-adolfo-menezes-nesta-semana","status":"publish","type":"post","link":"https:\/\/cidadebaixaonline.com.br\/index.php\/2023\/09\/11\/alan-sanches-diz-que-oposicao-decidira-apoio-a-reconducao-de-adolfo-menezes-nesta-semana\/","title":{"rendered":"Alan Sanches diz que oposi\u00e7\u00e3o decidir\u00e1 apoio a recondu\u00e7\u00e3o de Adolfo Menezes nesta semana"},"content":{"rendered":"\n<p>O l\u00edder da oposi\u00e7\u00e3o na Assembleia Legislativa da Bahia (AL-BA), Alan Sanches (Uni\u00e3o), disse que a bancada vai se reunir nesta semana para decidir se apoia ou n\u00e3o um terceiro mandato de Adolfo Menezes (PSD) na presid\u00eancia da Casa.\u00a0<\/p>\n\n\n\n<p>O parlamentar n\u00e3o quis revelar sua opini\u00e3o sobre o assunto, mas adiantou que vai seguir o que a maioria dos colegas decidir. O encontro deve contar com a presen\u00e7a dos correligion\u00e1rios Bruno Reis e ACM Neto.<\/p>\n\n\n\n<p>&#8220;J\u00e1 marquei uma reuni\u00e3o no dia 14 [quinta-feira] com a bancada da oposi\u00e7\u00e3o, e uma das pautas \u00e9 justamente essa decis\u00e3o. Eu acho que numa decis\u00e3o t\u00e3o importante, a oposi\u00e7\u00e3o deve marchar unida. Toda vez que n\u00f3s estivemos unidos numa escolha para o membro da Assembleia, n\u00f3s tivemos um respaldo muito maior. Ent\u00e3o, a minha opini\u00e3o \u00e9 de que, independente quem seja o presidente, n\u00f3s precisamos estar unidos e essa \u00e9 a proposta que eu tenho levado a todos os colegas e tenho inclusive proposto nessa reuni\u00e3o&#8221;, afirmou.\u00a0<\/p>\n\n\n\n<p>Durante a conversa, Sanches citou o jeito &#8220;af\u00e1vel&#8221; do governador Jer\u00f4nimo Rodrigues (PT), mas n\u00e3o poupou cr\u00edticas ao gestor, que segundo ele, faz um governo de continuidade do antecessor Rui Costa.\u00a0<\/p>\n\n\n\n<p>&#8220;N\u00f3s tivemos uma expectativa no governo do PT que com Lula e Jer\u00f4nimo fosse diferente. Eu posso dizer duas coisas que ainda n\u00e3o trouxeram absolutamente nada de novidade, nada de planejamento, que \u00e9 a seguran\u00e7a p\u00fablica e a regula\u00e7\u00e3o da sa\u00fade. N\u00f3s ainda n\u00e3o tivemos uma sensa\u00e7\u00e3o de melhora em nenhum desses dois quesitos. Eu acho Jer\u00f4nimo uma pessoa muito af\u00e1vel, um ser humano muito bom, mas ainda precisa \u00a0mostrar o seu poder de gestor. Isso ele est\u00e1 precisando&#8221;, provocou.\u00a0<\/p>\n\n\n\n<p>O l\u00edder da oposi\u00e7\u00e3o na AL-BA ainda comparou Rui a Jer\u00f4nimo, cobrou o pagamento de emendas, criticou a banaliza\u00e7\u00e3o dos pedidos de abertura de CPIs e ainda projetou que a passagem de bast\u00e3o para a lideren\u00e7a da minoria deve ser pac\u00edfica. Confira a entrevista completa\u00a0aqui.<\/p>\n\n\n\n<p>Fonte: Bahia Not\u00edcias <\/p>\n\n\n\n<p><\/p>\n","protected":false},"excerpt":{"rendered":"<p>O l\u00edder da oposi\u00e7\u00e3o na Assembleia Legislativa da Bahia (AL-BA), Alan Sanches (Uni\u00e3o), disse que a bancada vai se reunir nesta semana para decidir se apoia ou n\u00e3o um terceiro mandato de Adolfo Menezes (PSD) na presid\u00eancia da Casa.\u00a0 O parlamentar n\u00e3o quis revelar sua opini\u00e3o sobre o assunto, mas adiantou que vai seguir o [&hellip;]<\/p>\n","protected":false},"author":2,"featured_media":3923,"comment_status":"open","ping_status":"open","sticky":false,"template":"","format":"standard","meta":{"jnews-multi-image_gallery":[],"jnews_single_post":{"subtitle":"","format":"standard","video":"","gallery":"","source_name":"","source_url":"","via_name":"","via_url":"","override_template":"0","override":[{"template":"1","single_blog_custom":"","parallax":"1","fullscreen":"1","layout":"right-sidebar","sidebar":"default-sidebar","second_sidebar":"default-sidebar","sticky_sidebar":"1","share_position":"top","share_float_style":"share-monocrhome","show_share_counter":"0","show_view_counter":"0","show_featured":"1","show_post_meta":"1","show_post_author":"0","show_post_author_image":"1","show_post_date":"1","post_date_format":"default","post_date_format_custom":"Y\/m\/d","show_post_category":"1","show_post_reading_time":"0","post_reading_time_wpm":"300","show_zoom_button":"0","zoom_button_out_step":"2","zoom_button_in_step":"3","show_post_tag":"1","show_prev_next_post":"1","show_popup_post":"1","number_popup_post":"1","show_author_box":"0","show_post_related":"0","show_inline_post_related":"0"}],"override_image_size":"0","image_override":[{"single_post_thumbnail_size":"no-crop","single_post_gallery_size":"crop-715"}],"trending_post":"0","trending_post_position":"meta","trending_post_label":"Trending","sponsored_post":"0","sponsored_post_label":"Sponsored by","sponsored_post_name":"","sponsored_post_url":"","sponsored_post_logo_enable":"0","sponsored_post_logo":"","sponsored_post_desc":"","disable_ad":"0"},"jnews_primary_category":{"id":"","hide":""},"footnotes":""},"categories":[91],"tags":[],"class_list":["post-3922","post","type-post","status-publish","format-standard","has-post-thumbnail","hentry","category-politica"],"_links":{"self":[{"href":"https:\/\/cidadebaixaonline.com.br\/index.php\/wp-json\/wp\/v2\/posts\/3922","targetHints":{"allow":["GET"]}}],"collection":[{"href":"https:\/\/cidadebaixaonline.com.br\/index.php\/wp-json\/wp\/v2\/posts"}],"about":[{"href":"https:\/\/cidadebaixaonline.com.br\/index.php\/wp-json\/wp\/v2\/types\/post"}],"author":[{"embeddable":true,"href":"https:\/\/cidadebaixaonline.com.br\/index.php\/wp-json\/wp\/v2\/users\/2"}],"replies":[{"embeddable":true,"href":"https:\/\/cidadebaixaonline.com.br\/index.php\/wp-json\/wp\/v2\/comments?post=3922"}],"version-history":[{"count":1,"href":"https:\/\/cidadebaixaonline.com.br\/index.php\/wp-json\/wp\/v2\/posts\/3922\/revisions"}],"predecessor-version":[{"id":3924,"href":"https:\/\/cidadebaixaonline.com.br\/index.php\/wp-json\/wp\/v2\/posts\/3922\/revisions\/3924"}],"wp:featuredmedia":[{"embeddable":true,"href":"https:\/\/cidadebaixaonline.com.br\/index.php\/wp-json\/wp\/v2\/media\/3923"}],"wp:attachment":[{"href":"https:\/\/cidadebaixaonline.com.br\/index.php\/wp-json\/wp\/v2\/media?parent=3922"}],"wp:term":[{"taxonomy":"category","embeddable":true,"href":"https:\/\/cidadebaixaonline.com.br\/index.php\/wp-json\/wp\/v2\/categories?post=3922"},{"taxonomy":"post_tag","embeddable":true,"href":"https:\/\/cidadebaixaonline.com.br\/index.php\/wp-json\/wp\/v2\/tags?post=3922"}],"curies":[{"name":"wp","href":"https:\/\/api.w.org\/{rel}","templated":true}]}}