{"id":3819,"date":"2023-09-05T16:32:30","date_gmt":"2023-09-05T19:32:30","guid":{"rendered":"https:\/\/cidadebaixaonline.com.br\/?p=3819"},"modified":"2023-09-05T16:32:32","modified_gmt":"2023-09-05T19:32:32","slug":"tres-homens-sao-mortos-e-total-de-mortes-chega-a-10-no-alto-das-pombas","status":"publish","type":"post","link":"https:\/\/cidadebaixaonline.com.br\/index.php\/2023\/09\/05\/tres-homens-sao-mortos-e-total-de-mortes-chega-a-10-no-alto-das-pombas\/","title":{"rendered":"Tr\u00eas homens s\u00e3o mortos e total de mortes chega a 10 no Alto das Pombas"},"content":{"rendered":"\n<p>Tr\u00eas homens morreram na manh\u00e3 desta ter\u00e7a-feira, 5, em confronto com equipes do Batalh\u00e3o Patamo e da Rondesp Atl\u00e2ntico na regi\u00e3o do Alto das Pombas, em Salvador. As mortes aconteceram em continuidade a opera\u00e7\u00e3o da Pol\u00edcia Militar que acontece nos bairros do Calabar e Federa\u00e7\u00e3o desde a segunda-feira, 4.\u00a0<\/p>\n\n\n\n<p>&#8220;Tivemos mais uma situa\u00e7\u00e3o agora no Alto das Pombas, onde eles insistem em resistir \u00e0 for\u00e7a policial. Precisamos cumprir nossa miss\u00e3o e preservar vidas. Ontem, com os 10 ref\u00e9ns liberadas, chegamos a marca de 144 ref\u00e9ns liberados durante os \u00faltimos anos pelo BOPE. N\u00e3o haver\u00e1 espa\u00e7o para o crime, nem tentem intimidar os agentes ou a popula\u00e7\u00e3o. O crime \u00e9 inimigo da sociedade&#8221;, falou o comandante-geral da PM, coronel Paulo Coutinho, em coletiva nesta ter\u00e7a.&nbsp;<\/p>\n\n\n\n<p>Com o registro da opera\u00e7\u00e3o desta manh\u00e3, chegam a 10 o n\u00famero de mortos em confronto com a pol\u00edcia durante opera\u00e7\u00e3o no Calabar e Federa\u00e7\u00e3o. Na segunda-feira, foram\u00a0oito presos, sete mortos, com a apreens\u00e3o de seis fuzis, oito pistolas e tr\u00eas granadas. Todos seriam de fac\u00e7\u00f5es criminosas.\u00a0<\/p>\n\n\n\n<p>Equipes da 41\u00aa CIPM, da Companhia Independente de Policiamento T\u00e1tico (CIPT)\/ Rondesp Atl\u00e2ntico, do Batalh\u00e3o de Patrulhamento T\u00e1tico M\u00f3vel (BPatamo) e do Grupamento A\u00e9reo (Graer) seguem no local com as a\u00e7\u00f5es intensificadas, sem previs\u00e3o de t\u00e9rmino.\u00a0<\/p>\n\n\n\n<p>Fonte: ATarde <\/p>\n","protected":false},"excerpt":{"rendered":"<p>Tr\u00eas homens morreram na manh\u00e3 desta ter\u00e7a-feira, 5, em confronto com equipes do Batalh\u00e3o Patamo e da Rondesp Atl\u00e2ntico na regi\u00e3o do Alto das Pombas, em Salvador. As mortes aconteceram em continuidade a opera\u00e7\u00e3o da Pol\u00edcia Militar que acontece nos bairros do Calabar e Federa\u00e7\u00e3o desde a segunda-feira, 4.\u00a0 &#8220;Tivemos mais uma situa\u00e7\u00e3o agora no [&hellip;]<\/p>\n","protected":false},"author":2,"featured_media":3820,"comment_status":"open","ping_status":"open","sticky":false,"template":"","format":"standard","meta":{"jnews-multi-image_gallery":[],"jnews_single_post":{"subtitle":"","format":"standard","video":"","gallery":"","source_name":"","source_url":"","via_name":"","via_url":"","override_template":"0","override":[{"template":"1","single_blog_custom":"","parallax":"1","fullscreen":"1","layout":"right-sidebar","sidebar":"default-sidebar","second_sidebar":"default-sidebar","sticky_sidebar":"1","share_position":"top","share_float_style":"share-monocrhome","show_share_counter":"0","show_view_counter":"0","show_featured":"1","show_post_meta":"1","show_post_author":"0","show_post_author_image":"1","show_post_date":"1","post_date_format":"default","post_date_format_custom":"Y\/m\/d","show_post_category":"1","show_post_reading_time":"0","post_reading_time_wpm":"300","show_zoom_button":"0","zoom_button_out_step":"2","zoom_button_in_step":"3","show_post_tag":"1","show_prev_next_post":"1","show_popup_post":"1","number_popup_post":"1","show_author_box":"0","show_post_related":"0","show_inline_post_related":"0"}],"override_image_size":"0","image_override":[{"single_post_thumbnail_size":"no-crop","single_post_gallery_size":"crop-715"}],"trending_post":"0","trending_post_position":"meta","trending_post_label":"Trending","sponsored_post":"0","sponsored_post_label":"Sponsored by","sponsored_post_name":"","sponsored_post_url":"","sponsored_post_logo_enable":"0","sponsored_post_logo":"","sponsored_post_desc":"","disable_ad":"0"},"jnews_primary_category":{"id":"","hide":""},"footnotes":""},"categories":[105],"tags":[],"class_list":["post-3819","post","type-post","status-publish","format-standard","has-post-thumbnail","hentry","category-policia"],"_links":{"self":[{"href":"https:\/\/cidadebaixaonline.com.br\/index.php\/wp-json\/wp\/v2\/posts\/3819","targetHints":{"allow":["GET"]}}],"collection":[{"href":"https:\/\/cidadebaixaonline.com.br\/index.php\/wp-json\/wp\/v2\/posts"}],"about":[{"href":"https:\/\/cidadebaixaonline.com.br\/index.php\/wp-json\/wp\/v2\/types\/post"}],"author":[{"embeddable":true,"href":"https:\/\/cidadebaixaonline.com.br\/index.php\/wp-json\/wp\/v2\/users\/2"}],"replies":[{"embeddable":true,"href":"https:\/\/cidadebaixaonline.com.br\/index.php\/wp-json\/wp\/v2\/comments?post=3819"}],"version-history":[{"count":1,"href":"https:\/\/cidadebaixaonline.com.br\/index.php\/wp-json\/wp\/v2\/posts\/3819\/revisions"}],"predecessor-version":[{"id":3821,"href":"https:\/\/cidadebaixaonline.com.br\/index.php\/wp-json\/wp\/v2\/posts\/3819\/revisions\/3821"}],"wp:featuredmedia":[{"embeddable":true,"href":"https:\/\/cidadebaixaonline.com.br\/index.php\/wp-json\/wp\/v2\/media\/3820"}],"wp:attachment":[{"href":"https:\/\/cidadebaixaonline.com.br\/index.php\/wp-json\/wp\/v2\/media?parent=3819"}],"wp:term":[{"taxonomy":"category","embeddable":true,"href":"https:\/\/cidadebaixaonline.com.br\/index.php\/wp-json\/wp\/v2\/categories?post=3819"},{"taxonomy":"post_tag","embeddable":true,"href":"https:\/\/cidadebaixaonline.com.br\/index.php\/wp-json\/wp\/v2\/tags?post=3819"}],"curies":[{"name":"wp","href":"https:\/\/api.w.org\/{rel}","templated":true}]}}