{"id":3741,"date":"2023-09-01T11:56:15","date_gmt":"2023-09-01T14:56:15","guid":{"rendered":"https:\/\/cidadebaixaonline.com.br\/?p=3741"},"modified":"2023-09-01T11:56:17","modified_gmt":"2023-09-01T14:56:17","slug":"sms-inaugura-1o-ambulatorio-municipal-especializado-em-saude-lgbt","status":"publish","type":"post","link":"https:\/\/cidadebaixaonline.com.br\/index.php\/2023\/09\/01\/sms-inaugura-1o-ambulatorio-municipal-especializado-em-saude-lgbt\/","title":{"rendered":"SMS inaugura 1\u00ba Ambulat\u00f3rio Municipal Especializado em Sa\u00fade LGBT+"},"content":{"rendered":"\n<p>A Secretaria Municipal de Sa\u00fade (SMS), inaugurou nesta sexta-feira (1\u00ba), o I Ambulat\u00f3rio Municipal Especializado em Sa\u00fade LGBT+, que vai ser localizado no Multicentro de Sa\u00fade Carlos Gomes. A iniciativa tem o foco de avan\u00e7ar a aten\u00e7\u00e3o \u00e0 sa\u00fade integral das pessoas LGBT+, compreendendo a influ\u00eancia da discrimina\u00e7\u00e3o e do processo cotidiano no contexto de vida e sa\u00fade deste p\u00fablico.&nbsp;<\/p>\n\n\n\n<p>Durante a inaugura\u00e7\u00e3o, a vice-prefeita e titular da SMS, Ana Paula Matos detalhou a estrat\u00e9gia e apresentou o novo equipamento para a sociedade soteropolitana, autoridades municipais e estaduais, parceiros\/as, representantes LGBT+ e imprensa. A cria\u00e7\u00e3o do ambulat\u00f3rio \u00e9 outra medida que faz parte da implementa\u00e7\u00e3o da Pol\u00edtica Nacional de Sa\u00fade Integral de L\u00e9sbicas, Gays, Bissexuais, Travestis, Transexuais e Transg\u00eaneros, na capital baiana.<\/p>\n\n\n\n<p>\u201cEssa iniciativa pioneira reuniu esfor\u00e7os conjuntos da gest\u00e3o para reafirmar o compromisso da PMS no cumprimento do Plano Municipal de Pol\u00edticas e Direitos Humanos da popula\u00e7\u00e3o LGBT+, no Programa de Combate a LGBTfobia Institucional, assegurando um cuidado especializado, com acolhimento incondicional \u00e0s vidas. Sem d\u00favidas, trata-se de uma iniciativa hist\u00f3rica necess\u00e1ria\u201d, enfatizou Ana Paula Matos.<\/p>\n\n\n\n<p>O ambulat\u00f3rio ofertar\u00e1 cuidado especializado em sa\u00fade nos seguintes eixos: Cuidado integral a pessoas trans e travestis, incluindo oferta de hormoniza\u00e7\u00e3o e acompanhamento das altera\u00e7\u00f5es corporais; Aten\u00e7\u00e3o aos casos de sofrimento mental moderado; Oferta de insumos de preven\u00e7\u00e3o combinada ao HIV, incluindo a Profilaxia pr\u00e9-exposi\u00e7\u00e3o ao HIV (PrEP); Detec\u00e7\u00e3o precoce do c\u00e2ncer de colo do \u00fatero e mama.<\/p>\n\n\n\n<p>ACESSO&nbsp;<\/p>\n\n\n\n<p>Para acessar o servi\u00e7o, o(a) usu\u00e1rio(a) deve ser pessoa l\u00e9sbica, gay, bissexual, pansexual, assexual, travesti, mulher trans, homem trans e pessoa n\u00e3o-bin\u00e1ria, ter idade maior ou igual a 18 anos, ser moradora da cidade de Salvador e apresentar demandas de cuidado especializado.<\/p>\n\n\n\n<p>O novo servi\u00e7o est\u00e1 localizado no anexo do Multicentro de Sa\u00fade Carlos Gomes e funcionar\u00e1 de segunda a sexta-feira, das 08 \u00e0s 17hs. Os(as) pacientes podem procurar o servi\u00e7o de maneira espont\u00e2nea ou referenciados por outros servi\u00e7os de sa\u00fade e servi\u00e7os de assist\u00eancia social e deve comparecer portando os seguintes documentos: Cart\u00e3o do SUS, CPF, Documento de identifica\u00e7\u00e3o com foto; e Ficha de refer\u00eancia\/contra refer\u00eancia padronizado pelo SUS, quando referenciada.<\/p>\n\n\n\n<p>SERVI\u00c7OS&nbsp;<\/p>\n\n\n\n<p>O ambulat\u00f3rio funcionar\u00e1 com equipe multidisciplinar, oferecendo consulta com assistente social, enfermeira, farmac\u00eautica, m\u00e9dica generalista, m\u00e9dico psiquiatra e psicologia.<\/p>\n\n\n\n<p>Entre as ofertas, destacam-se consultas m\u00e9dicas especializadas; consulta multiprofissional com psic\u00f3logos, enfermeiras e farmac\u00eautica; atendimento de servi\u00e7o social; dispensa\u00e7\u00e3o e administra\u00e7\u00e3o de horm\u00f4nios; oferta de PrEP e testagem para HIV e outras ISTs; oferta de preservativos internos e externos, gel lubrificantes e ducha higi\u00eanica anal; coleta de exames laboratoriais e exame citopatol\u00f3gico do colo de \u00fatero; grupos psicoterap\u00eauticos; atividades de educa\u00e7\u00e3o em sa\u00fade e educa\u00e7\u00e3o permanente; impress\u00e3o de cart\u00e3o SUS com nome social; encaminhamento de pessoas assistidas para outros pontos de aten\u00e7\u00e3o da rede.<\/p>\n\n\n\n<p>Fonte: Bahia Not\u00edcias <\/p>\n","protected":false},"excerpt":{"rendered":"<p>A Secretaria Municipal de Sa\u00fade (SMS), inaugurou nesta sexta-feira (1\u00ba), o I Ambulat\u00f3rio Municipal Especializado em Sa\u00fade LGBT+, que vai ser localizado no Multicentro de Sa\u00fade Carlos Gomes. A iniciativa tem o foco de avan\u00e7ar a aten\u00e7\u00e3o \u00e0 sa\u00fade integral das pessoas LGBT+, compreendendo a influ\u00eancia da discrimina\u00e7\u00e3o e do processo cotidiano no contexto de [&hellip;]<\/p>\n","protected":false},"author":2,"featured_media":3742,"comment_status":"open","ping_status":"open","sticky":false,"template":"","format":"standard","meta":{"jnews-multi-image_gallery":[],"jnews_single_post":{"subtitle":"","format":"standard","video":"","gallery":"","source_name":"","source_url":"","via_name":"","via_url":"","override_template":"0","override":[{"template":"1","single_blog_custom":"","parallax":"1","fullscreen":"1","layout":"right-sidebar","sidebar":"default-sidebar","second_sidebar":"default-sidebar","sticky_sidebar":"1","share_position":"top","share_float_style":"share-monocrhome","show_share_counter":"0","show_view_counter":"0","show_featured":"1","show_post_meta":"1","show_post_author":"0","show_post_author_image":"1","show_post_date":"1","post_date_format":"default","post_date_format_custom":"Y\/m\/d","show_post_category":"1","show_post_reading_time":"0","post_reading_time_wpm":"300","show_zoom_button":"0","zoom_button_out_step":"2","zoom_button_in_step":"3","show_post_tag":"1","show_prev_next_post":"1","show_popup_post":"1","number_popup_post":"1","show_author_box":"0","show_post_related":"0","show_inline_post_related":"0"}],"override_image_size":"0","image_override":[{"single_post_thumbnail_size":"no-crop","single_post_gallery_size":"crop-715"}],"trending_post":"0","trending_post_position":"meta","trending_post_label":"Trending","sponsored_post":"0","sponsored_post_label":"Sponsored by","sponsored_post_name":"","sponsored_post_url":"","sponsored_post_logo_enable":"0","sponsored_post_logo":"","sponsored_post_desc":"","disable_ad":"0"},"jnews_primary_category":{"id":"","hide":""},"footnotes":""},"categories":[94],"tags":[],"class_list":["post-3741","post","type-post","status-publish","format-standard","has-post-thumbnail","hentry","category-saude-2"],"_links":{"self":[{"href":"https:\/\/cidadebaixaonline.com.br\/index.php\/wp-json\/wp\/v2\/posts\/3741","targetHints":{"allow":["GET"]}}],"collection":[{"href":"https:\/\/cidadebaixaonline.com.br\/index.php\/wp-json\/wp\/v2\/posts"}],"about":[{"href":"https:\/\/cidadebaixaonline.com.br\/index.php\/wp-json\/wp\/v2\/types\/post"}],"author":[{"embeddable":true,"href":"https:\/\/cidadebaixaonline.com.br\/index.php\/wp-json\/wp\/v2\/users\/2"}],"replies":[{"embeddable":true,"href":"https:\/\/cidadebaixaonline.com.br\/index.php\/wp-json\/wp\/v2\/comments?post=3741"}],"version-history":[{"count":1,"href":"https:\/\/cidadebaixaonline.com.br\/index.php\/wp-json\/wp\/v2\/posts\/3741\/revisions"}],"predecessor-version":[{"id":3743,"href":"https:\/\/cidadebaixaonline.com.br\/index.php\/wp-json\/wp\/v2\/posts\/3741\/revisions\/3743"}],"wp:featuredmedia":[{"embeddable":true,"href":"https:\/\/cidadebaixaonline.com.br\/index.php\/wp-json\/wp\/v2\/media\/3742"}],"wp:attachment":[{"href":"https:\/\/cidadebaixaonline.com.br\/index.php\/wp-json\/wp\/v2\/media?parent=3741"}],"wp:term":[{"taxonomy":"category","embeddable":true,"href":"https:\/\/cidadebaixaonline.com.br\/index.php\/wp-json\/wp\/v2\/categories?post=3741"},{"taxonomy":"post_tag","embeddable":true,"href":"https:\/\/cidadebaixaonline.com.br\/index.php\/wp-json\/wp\/v2\/tags?post=3741"}],"curies":[{"name":"wp","href":"https:\/\/api.w.org\/{rel}","templated":true}]}}