{"id":3729,"date":"2023-09-01T10:48:40","date_gmt":"2023-09-01T13:48:40","guid":{"rendered":"https:\/\/cidadebaixaonline.com.br\/?p=3729"},"modified":"2023-09-01T10:48:42","modified_gmt":"2023-09-01T13:48:42","slug":"homem-e-morto-durante-viagem-por-aplicativo-apos-sair-de-audiencia-de-custodia-em-salvador","status":"publish","type":"post","link":"https:\/\/cidadebaixaonline.com.br\/index.php\/2023\/09\/01\/homem-e-morto-durante-viagem-por-aplicativo-apos-sair-de-audiencia-de-custodia-em-salvador\/","title":{"rendered":"Homem \u00e9 morto durante viagem por aplicativo ap\u00f3s sair de audi\u00eancia de cust\u00f3dia em Salvador"},"content":{"rendered":"\n<p>Um homem foi executado a tiros dentro de um carro, durante uma\u00a0viagem por aplicativo, no bairro do\u00a0IAPI, em Salvador. O crime aconteceu na quarta-feira (30), ap\u00f3s o rapaz sair de uma audi\u00eancia de cust\u00f3dia.<\/p>\n\n\n\n<p>A v\u00edtima, de 30 anos, pegou um\u00a0transporte por aplicativo\u00a0no F\u00f3rum Criminal Desembargador Carlos Souto, no bairro de Sussuarana, e seguiu para o\u00a0IAPI, onde vivia. No bairro, ele foi surpreendido por um homem em uma motocicleta, que passou pelo carro e efetuou os disparos.<\/p>\n\n\n\n<p>O homem chegou a ser socorrido para uma unidade de sa\u00fade, mas n\u00e3o resistiu aos ferimentos. Equipes do Departamento de Homic\u00eddios e Prote\u00e7\u00e3o \u00e0 Pessoa (DHPP) foram acionadas para realizar os primeiros levantamentos sobre a morte.<\/p>\n\n\n\n<p>Foram expedidas as guias periciais e de remo\u00e7\u00e3o. A autoria e a motiva\u00e7\u00e3o s\u00e3o apuradas pela Pol\u00edcia Civil.<\/p>\n\n\n\n<p>Fonte: Bnews <\/p>\n","protected":false},"excerpt":{"rendered":"<p>Um homem foi executado a tiros dentro de um carro, durante uma\u00a0viagem por aplicativo, no bairro do\u00a0IAPI, em Salvador. O crime aconteceu na quarta-feira (30), ap\u00f3s o rapaz sair de uma audi\u00eancia de cust\u00f3dia. A v\u00edtima, de 30 anos, pegou um\u00a0transporte por aplicativo\u00a0no F\u00f3rum Criminal Desembargador Carlos Souto, no bairro de Sussuarana, e seguiu para [&hellip;]<\/p>\n","protected":false},"author":2,"featured_media":3730,"comment_status":"open","ping_status":"open","sticky":false,"template":"","format":"standard","meta":{"jnews-multi-image_gallery":[],"jnews_single_post":{"subtitle":"","format":"standard","video":"","gallery":"","source_name":"","source_url":"","via_name":"","via_url":"","override_template":"0","override":[{"template":"1","single_blog_custom":"","parallax":"1","fullscreen":"1","layout":"right-sidebar","sidebar":"default-sidebar","second_sidebar":"default-sidebar","sticky_sidebar":"1","share_position":"top","share_float_style":"share-monocrhome","show_share_counter":"0","show_view_counter":"0","show_featured":"1","show_post_meta":"1","show_post_author":"0","show_post_author_image":"1","show_post_date":"1","post_date_format":"default","post_date_format_custom":"Y\/m\/d","show_post_category":"1","show_post_reading_time":"0","post_reading_time_wpm":"300","show_zoom_button":"0","zoom_button_out_step":"2","zoom_button_in_step":"3","show_post_tag":"1","show_prev_next_post":"1","show_popup_post":"1","number_popup_post":"1","show_author_box":"0","show_post_related":"0","show_inline_post_related":"0"}],"override_image_size":"0","image_override":[{"single_post_thumbnail_size":"no-crop","single_post_gallery_size":"crop-715"}],"trending_post":"0","trending_post_position":"meta","trending_post_label":"Trending","sponsored_post":"0","sponsored_post_label":"Sponsored by","sponsored_post_name":"","sponsored_post_url":"","sponsored_post_logo_enable":"0","sponsored_post_logo":"","sponsored_post_desc":"","disable_ad":"0"},"jnews_primary_category":{"id":"","hide":""},"footnotes":""},"categories":[105],"tags":[],"class_list":["post-3729","post","type-post","status-publish","format-standard","has-post-thumbnail","hentry","category-policia"],"_links":{"self":[{"href":"https:\/\/cidadebaixaonline.com.br\/index.php\/wp-json\/wp\/v2\/posts\/3729","targetHints":{"allow":["GET"]}}],"collection":[{"href":"https:\/\/cidadebaixaonline.com.br\/index.php\/wp-json\/wp\/v2\/posts"}],"about":[{"href":"https:\/\/cidadebaixaonline.com.br\/index.php\/wp-json\/wp\/v2\/types\/post"}],"author":[{"embeddable":true,"href":"https:\/\/cidadebaixaonline.com.br\/index.php\/wp-json\/wp\/v2\/users\/2"}],"replies":[{"embeddable":true,"href":"https:\/\/cidadebaixaonline.com.br\/index.php\/wp-json\/wp\/v2\/comments?post=3729"}],"version-history":[{"count":1,"href":"https:\/\/cidadebaixaonline.com.br\/index.php\/wp-json\/wp\/v2\/posts\/3729\/revisions"}],"predecessor-version":[{"id":3731,"href":"https:\/\/cidadebaixaonline.com.br\/index.php\/wp-json\/wp\/v2\/posts\/3729\/revisions\/3731"}],"wp:featuredmedia":[{"embeddable":true,"href":"https:\/\/cidadebaixaonline.com.br\/index.php\/wp-json\/wp\/v2\/media\/3730"}],"wp:attachment":[{"href":"https:\/\/cidadebaixaonline.com.br\/index.php\/wp-json\/wp\/v2\/media?parent=3729"}],"wp:term":[{"taxonomy":"category","embeddable":true,"href":"https:\/\/cidadebaixaonline.com.br\/index.php\/wp-json\/wp\/v2\/categories?post=3729"},{"taxonomy":"post_tag","embeddable":true,"href":"https:\/\/cidadebaixaonline.com.br\/index.php\/wp-json\/wp\/v2\/tags?post=3729"}],"curies":[{"name":"wp","href":"https:\/\/api.w.org\/{rel}","templated":true}]}}