{"id":3720,"date":"2023-09-01T10:19:52","date_gmt":"2023-09-01T13:19:52","guid":{"rendered":"https:\/\/cidadebaixaonline.com.br\/?p=3720"},"modified":"2023-09-01T10:19:54","modified_gmt":"2023-09-01T13:19:54","slug":"tecnologia-para-tratar-cancer-de-pele-e-aprovado-para-uso-no-sus","status":"publish","type":"post","link":"https:\/\/cidadebaixaonline.com.br\/index.php\/2023\/09\/01\/tecnologia-para-tratar-cancer-de-pele-e-aprovado-para-uso-no-sus\/","title":{"rendered":"Tecnologia para tratar c\u00e2ncer de pele \u00e9 aprovado para uso no SUS"},"content":{"rendered":"\n<p>Pacientes do Sistema \u00danico de Sa\u00fade (SUS) com o tipo de c\u00e2ncer de pele mais comum v\u00e3o ter um novo tratamento desenvolvido por pesquisadores da Universidade de S\u00e3o Paulo (USP). A tecnologia 100% nacional promete um tratamento r\u00e1pido, com menos desconforto e foi aprovado para uso na sa\u00fade p\u00fablica.&nbsp;<\/p>\n\n\n\n<p>Uma casquinha no nariz foi como a dona de casa Helena Pontieri Morales descobriu a les\u00e3o de c\u00e2ncer de pele no rosto. Ela passou por um tratamento de terapia fotodin\u00e2mica, que est\u00e1 revolucionando a dermatologia no pa\u00eds. A inova\u00e7\u00e3o permite que pacientes como ela n\u00e3o precisem mais passar por cirurgia.&nbsp;<\/p>\n\n\n\n<p>\u201cS\u00f3 deu uma queimadinha e pronto\u201d, conta Helena sobre o procedimento a laser.<\/p>\n\n\n\n<p>O tratamento \u00e9 oferecido gratuitamente no Hospital Amaral Carvalho, na cidade de Ja\u00fa, no interior paulista, um dos 70 centros de estudos que utilizam a terapia. As les\u00f5es que podem ser tratadas s\u00e3o as n\u00e3o melanoma, que respondem pela maioria dos casos de c\u00e2ncer de pele entre os brasileiros.<\/p>\n\n\n\n<p>\u201cO foco do nosso projeto \u00e9 o carcinoma basocelular em fase inicial de tratamento, uma les\u00e3o pequena, com subtipo histol\u00f3gico espec\u00edfico para ser contemplado, para receber a terapia fotodin\u00e2mica\u201d, explica a dermatologista Ana Gabriela S\u00e1lvio.&nbsp;<\/p>\n\n\n\n<p>Esse aparelho j\u00e1 tratou mais de 5 mil les\u00f5es e est\u00e1 presente em nove pa\u00edses da Am\u00e9rica Latina. O custo do tratamento gira em torno de R$ 200 a R$ 300 por les\u00e3o de pele com at\u00e9 um cent\u00edmetro.<\/p>\n\n\n\n<p>Ap\u00f3s ter esta pomada absorvida pela pele, o paciente passa por uma terapia fotodin\u00e2mica, que mata as c\u00e9lulas cancer\u00edgenas. Em apenas duas sess\u00f5es, de apenas 20 minutos, mais de 90% dos pacientes j\u00e1 podem sair curados.<\/p>\n\n\n\n<p>A terapia \u00e9 desenvolvida h\u00e1 20 anos pela USP de S\u00e3o Carlos. O Brasil \u00e9 considerado o pa\u00eds que mais investiu na t\u00e9cnica fotodin\u00e2mica no mundo, de acordo com a Organiza\u00e7\u00e3o das Na\u00e7\u00f5es Unidas para a Educa\u00e7\u00e3o, a Ci\u00eancia e a Cultura (Unesco). Foram mais de R$ 10 milh\u00f5es, com incentivos da Funda\u00e7\u00e3o de Amparo \u00e0 Pesquisa do Estado de S\u00e3o Paulo (Fapesp), Banco Nacional de Desenvolvimento Econ\u00f4mico e Social (BNDES), Minist\u00e9rio da Sa\u00fade e Financiadora de Estudos e Projetos (Finep).<\/p>\n\n\n\n<p>\u201cUm dos grandes desafios do Brasil \u00e9 colocar a inova\u00e7\u00e3o brasileira no n\u00edvel de produ\u00e7\u00e3o cient\u00edfica. Somos o 13\u00ba pa\u00eds em produ\u00e7\u00e3o de ci\u00eancia no mundo, mas o 54\u00ba pa\u00eds em inova\u00e7\u00e3o de novos produtos, sistemas e solu\u00e7\u00f5es para o mundo real. Este exemplo aqui de S\u00e3o Carlos \u00e9 a ci\u00eancia b\u00e1sica sendo transformada em inova\u00e7\u00e3o e um produto que soluciona um problema do SUS&#8221;, avalia Celso Pansera, presidente da Finep.<\/p>\n\n\n\n<p>O tratamento j\u00e1 est\u00e1 dispon\u00edvel h\u00e1 cerca de 10 anos no sistema privado. Com o desenvolvimento de uma tecnologia nacional, em julho deste ano, o aparelho foi aprovado para uso no SUS.<\/p>\n\n\n\n<p>\u201c\u00c9 um sucesso muito grande. Como \u00e9 uma t\u00e9cnica relativamente barata e conveniente, f\u00e1cil, que n\u00e3o exige grande infraestrutura, ela \u00e9 especialmente adequada para o Sistema \u00danico de Sa\u00fade, que precisa disponibilizar para um n\u00famero muito grande de pessoas da sociedade\u201d, aponta o pesquisador Vanderlei Salvador Bagnato, do Instituto F\u00edsica S\u00e3o Carlos, da USP.<\/p>\n\n\n\n<p>O Minist\u00e9rio da Sa\u00fade foi procurado pela TV Brasil para saber quando a tecnologia vai estar dispon\u00edvel no SUS, mas n\u00e3o houve resposta.<\/p>\n\n\n\n<p>Fonte: Varela Net <\/p>\n","protected":false},"excerpt":{"rendered":"<p>Pacientes do Sistema \u00danico de Sa\u00fade (SUS) com o tipo de c\u00e2ncer de pele mais comum v\u00e3o ter um novo tratamento desenvolvido por pesquisadores da Universidade de S\u00e3o Paulo (USP). A tecnologia 100% nacional promete um tratamento r\u00e1pido, com menos desconforto e foi aprovado para uso na sa\u00fade p\u00fablica.&nbsp; Uma casquinha no nariz foi como [&hellip;]<\/p>\n","protected":false},"author":2,"featured_media":3721,"comment_status":"open","ping_status":"open","sticky":false,"template":"","format":"standard","meta":{"jnews-multi-image_gallery":[],"jnews_single_post":{"subtitle":"","format":"standard","video":"","gallery":"","source_name":"","source_url":"","via_name":"","via_url":"","override_template":"0","override":[{"template":"1","single_blog_custom":"","parallax":"1","fullscreen":"1","layout":"right-sidebar","sidebar":"default-sidebar","second_sidebar":"default-sidebar","sticky_sidebar":"1","share_position":"top","share_float_style":"share-monocrhome","show_share_counter":"0","show_view_counter":"0","show_featured":"1","show_post_meta":"1","show_post_author":"0","show_post_author_image":"1","show_post_date":"1","post_date_format":"default","post_date_format_custom":"Y\/m\/d","show_post_category":"1","show_post_reading_time":"0","post_reading_time_wpm":"300","show_zoom_button":"0","zoom_button_out_step":"2","zoom_button_in_step":"3","show_post_tag":"1","show_prev_next_post":"1","show_popup_post":"1","number_popup_post":"1","show_author_box":"0","show_post_related":"0","show_inline_post_related":"0"}],"override_image_size":"0","image_override":[{"single_post_thumbnail_size":"no-crop","single_post_gallery_size":"crop-715"}],"trending_post":"0","trending_post_position":"meta","trending_post_label":"Trending","sponsored_post":"0","sponsored_post_label":"Sponsored by","sponsored_post_name":"","sponsored_post_url":"","sponsored_post_logo_enable":"0","sponsored_post_logo":"","sponsored_post_desc":"","disable_ad":"0"},"jnews_primary_category":{"id":"","hide":""},"footnotes":""},"categories":[94],"tags":[],"class_list":["post-3720","post","type-post","status-publish","format-standard","has-post-thumbnail","hentry","category-saude-2"],"_links":{"self":[{"href":"https:\/\/cidadebaixaonline.com.br\/index.php\/wp-json\/wp\/v2\/posts\/3720","targetHints":{"allow":["GET"]}}],"collection":[{"href":"https:\/\/cidadebaixaonline.com.br\/index.php\/wp-json\/wp\/v2\/posts"}],"about":[{"href":"https:\/\/cidadebaixaonline.com.br\/index.php\/wp-json\/wp\/v2\/types\/post"}],"author":[{"embeddable":true,"href":"https:\/\/cidadebaixaonline.com.br\/index.php\/wp-json\/wp\/v2\/users\/2"}],"replies":[{"embeddable":true,"href":"https:\/\/cidadebaixaonline.com.br\/index.php\/wp-json\/wp\/v2\/comments?post=3720"}],"version-history":[{"count":1,"href":"https:\/\/cidadebaixaonline.com.br\/index.php\/wp-json\/wp\/v2\/posts\/3720\/revisions"}],"predecessor-version":[{"id":3722,"href":"https:\/\/cidadebaixaonline.com.br\/index.php\/wp-json\/wp\/v2\/posts\/3720\/revisions\/3722"}],"wp:featuredmedia":[{"embeddable":true,"href":"https:\/\/cidadebaixaonline.com.br\/index.php\/wp-json\/wp\/v2\/media\/3721"}],"wp:attachment":[{"href":"https:\/\/cidadebaixaonline.com.br\/index.php\/wp-json\/wp\/v2\/media?parent=3720"}],"wp:term":[{"taxonomy":"category","embeddable":true,"href":"https:\/\/cidadebaixaonline.com.br\/index.php\/wp-json\/wp\/v2\/categories?post=3720"},{"taxonomy":"post_tag","embeddable":true,"href":"https:\/\/cidadebaixaonline.com.br\/index.php\/wp-json\/wp\/v2\/tags?post=3720"}],"curies":[{"name":"wp","href":"https:\/\/api.w.org\/{rel}","templated":true}]}}