{"id":3696,"date":"2023-08-31T16:09:01","date_gmt":"2023-08-31T19:09:01","guid":{"rendered":"https:\/\/cidadebaixaonline.com.br\/?p=3696"},"modified":"2023-08-31T16:09:03","modified_gmt":"2023-08-31T19:09:03","slug":"ssp-diz-que-identificou-autores-do-assassinato-de-mae-bernadete-investigacoes-com-autorias-definidas","status":"publish","type":"post","link":"https:\/\/cidadebaixaonline.com.br\/index.php\/2023\/08\/31\/ssp-diz-que-identificou-autores-do-assassinato-de-mae-bernadete-investigacoes-com-autorias-definidas\/","title":{"rendered":"SSP diz que identificou autores do assassinato de M\u00e3e Bernadete: \u201cInvestiga\u00e7\u00f5es com autorias definidas\u201d"},"content":{"rendered":"\n<p>O subsecret\u00e1rio da Secretaria de Seguran\u00e7a P\u00fablica da Bahia (SSP-BA), Marcel de Oliveira, afirmou que as investiga\u00e7\u00f5es da pol\u00edcia j\u00e1 identificaram os autores do assassinato de M\u00e3e Bernadete, morta no dia 17 de agosto, em Sim\u00f5es Filho. Al\u00e9m disso, em entrevista realizada nesta quinta-feira (31), Oliveira disse que as motiva\u00e7\u00f5es do crime foram, provavelmente, \u201creconhecidas\u201d.<\/p>\n\n\n\n<p>&#8220;A investiga\u00e7\u00e3o est\u00e1 bem adiantada, com autorias definidas, com prov\u00e1veis motiva\u00e7\u00f5es conhecidas. No entanto, a investiga\u00e7\u00e3o tramita em sigilo, mas pode ter certeza que a fam\u00edlia vai ter o resultado que ela precisa e merece receber em pouco tempo&#8221;, afirmou o subsecret\u00e1rio da SSP, em entrevista \u00e0 TV Globo.<\/p>\n\n\n\n<p>O CASO<\/p>\n\n\n\n<p>A l\u00edder quilombola Maria Bernadete Pac\u00edfico, conhecida como M\u00e3e Bernadete, foi assassinada na noite do dia 17 de agosto, dentro do Quilombo Pitanga dos Palmares, localizado no munic\u00edpio de Sim\u00f5es Filho, na Regi\u00e3o Metropolitana de Salvador (RMS).<\/p>\n\n\n\n<p>M\u00e3e Bernadete era ex-secret\u00e1ria de Pol\u00edticas de Promo\u00e7\u00e3o da Igualdade Racial e l\u00edder da comunidade quilombola de Sim\u00f5es Filho. Ela era m\u00e3e de Fl\u00e1vio Gabriel Pac\u00edfico dos Santos (Binho do Quilombo), lideran\u00e7a quilombola da comunidade Pitanga dos Palmares, tamb\u00e9m assassinado h\u00e1 6 anos.<\/p>\n\n\n\n<p>Um homem suspeito de participa\u00e7\u00e3o no assassinato da M\u00e3e Bernadete est\u00e1 sendo procurado pela pol\u00edcia. Segundo informa\u00e7\u00f5es passadas por uma fonte ao G1, as amea\u00e7as se intensificaram nas \u00faltimas tr\u00eas semanas. A lideran\u00e7a reclamava da presen\u00e7a de um homem que morava perto da sua casa e tentava vender terrenos no quilombo.<\/p>\n\n\n\n<p>De acordo com a publica\u00e7\u00e3o, esse homem ostentava armas e teria chegado na comunidade, inicialmente, como um prestador de servi\u00e7os. No entanto, pouco tempo depois se mostrou interessado em comercializar terras e mantinha liga\u00e7\u00e3o com envolvidos em extra\u00e7\u00e3o de madeira ilegal.<\/p>\n\n\n\n<p>&#8220;Suspeitamos que tenha havido um conluio entre esse invasor dos terrenos no quilombo e um policial que est\u00e1 por tr\u00e1s da explora\u00e7\u00e3o clandestina de madeira&#8221;, disse. O homem \u00e9 apontado, inclusive, como respons\u00e1vel por cortes de energia que aconteceram no im\u00f3vel momentos antes do crime.<\/p>\n\n\n\n<p>Pessoas da regi\u00e3o acreditam que o corte de energia tenha sido causado para prejudicar o funcionamento das c\u00e2meras de seguran\u00e7a. A suspeita \u00e9 de que esse morador tenha servido como esp\u00e9cie de &#8220;olheiro&#8221; para os executores do crime.<\/p>\n\n\n\n<p>Fonte: Bahia Not\u00edcias <\/p>\n","protected":false},"excerpt":{"rendered":"<p>O subsecret\u00e1rio da Secretaria de Seguran\u00e7a P\u00fablica da Bahia (SSP-BA), Marcel de Oliveira, afirmou que as investiga\u00e7\u00f5es da pol\u00edcia j\u00e1 identificaram os autores do assassinato de M\u00e3e Bernadete, morta no dia 17 de agosto, em Sim\u00f5es Filho. Al\u00e9m disso, em entrevista realizada nesta quinta-feira (31), Oliveira disse que as motiva\u00e7\u00f5es do crime foram, provavelmente, \u201creconhecidas\u201d. [&hellip;]<\/p>\n","protected":false},"author":2,"featured_media":3697,"comment_status":"open","ping_status":"open","sticky":false,"template":"","format":"standard","meta":{"jnews-multi-image_gallery":[],"jnews_single_post":{"subtitle":"","format":"standard","video":"","gallery":"","source_name":"","source_url":"","via_name":"","via_url":"","override_template":"0","override":[{"template":"1","single_blog_custom":"","parallax":"1","fullscreen":"1","layout":"right-sidebar","sidebar":"default-sidebar","second_sidebar":"default-sidebar","sticky_sidebar":"1","share_position":"top","share_float_style":"share-monocrhome","show_share_counter":"0","show_view_counter":"0","show_featured":"1","show_post_meta":"1","show_post_author":"0","show_post_author_image":"1","show_post_date":"1","post_date_format":"default","post_date_format_custom":"Y\/m\/d","show_post_category":"1","show_post_reading_time":"0","post_reading_time_wpm":"300","show_zoom_button":"0","zoom_button_out_step":"2","zoom_button_in_step":"3","show_post_tag":"1","show_prev_next_post":"1","show_popup_post":"1","number_popup_post":"1","show_author_box":"0","show_post_related":"0","show_inline_post_related":"0"}],"override_image_size":"0","image_override":[{"single_post_thumbnail_size":"no-crop","single_post_gallery_size":"crop-715"}],"trending_post":"0","trending_post_position":"meta","trending_post_label":"Trending","sponsored_post":"0","sponsored_post_label":"Sponsored by","sponsored_post_name":"","sponsored_post_url":"","sponsored_post_logo_enable":"0","sponsored_post_logo":"","sponsored_post_desc":"","disable_ad":"0"},"jnews_primary_category":{"id":"","hide":""},"footnotes":""},"categories":[85],"tags":[],"class_list":["post-3696","post","type-post","status-publish","format-standard","has-post-thumbnail","hentry","category-noticias"],"_links":{"self":[{"href":"https:\/\/cidadebaixaonline.com.br\/index.php\/wp-json\/wp\/v2\/posts\/3696","targetHints":{"allow":["GET"]}}],"collection":[{"href":"https:\/\/cidadebaixaonline.com.br\/index.php\/wp-json\/wp\/v2\/posts"}],"about":[{"href":"https:\/\/cidadebaixaonline.com.br\/index.php\/wp-json\/wp\/v2\/types\/post"}],"author":[{"embeddable":true,"href":"https:\/\/cidadebaixaonline.com.br\/index.php\/wp-json\/wp\/v2\/users\/2"}],"replies":[{"embeddable":true,"href":"https:\/\/cidadebaixaonline.com.br\/index.php\/wp-json\/wp\/v2\/comments?post=3696"}],"version-history":[{"count":1,"href":"https:\/\/cidadebaixaonline.com.br\/index.php\/wp-json\/wp\/v2\/posts\/3696\/revisions"}],"predecessor-version":[{"id":3698,"href":"https:\/\/cidadebaixaonline.com.br\/index.php\/wp-json\/wp\/v2\/posts\/3696\/revisions\/3698"}],"wp:featuredmedia":[{"embeddable":true,"href":"https:\/\/cidadebaixaonline.com.br\/index.php\/wp-json\/wp\/v2\/media\/3697"}],"wp:attachment":[{"href":"https:\/\/cidadebaixaonline.com.br\/index.php\/wp-json\/wp\/v2\/media?parent=3696"}],"wp:term":[{"taxonomy":"category","embeddable":true,"href":"https:\/\/cidadebaixaonline.com.br\/index.php\/wp-json\/wp\/v2\/categories?post=3696"},{"taxonomy":"post_tag","embeddable":true,"href":"https:\/\/cidadebaixaonline.com.br\/index.php\/wp-json\/wp\/v2\/tags?post=3696"}],"curies":[{"name":"wp","href":"https:\/\/api.w.org\/{rel}","templated":true}]}}