{"id":3693,"date":"2023-08-31T15:01:10","date_gmt":"2023-08-31T18:01:10","guid":{"rendered":"https:\/\/cidadebaixaonline.com.br\/?p=3693"},"modified":"2023-08-31T15:01:12","modified_gmt":"2023-08-31T18:01:12","slug":"caso-mae-bernadete-suspeitos-de-matar-lider-quilombola-com-12-tiros-na-bahia-sao-identificados","status":"publish","type":"post","link":"https:\/\/cidadebaixaonline.com.br\/index.php\/2023\/08\/31\/caso-mae-bernadete-suspeitos-de-matar-lider-quilombola-com-12-tiros-na-bahia-sao-identificados\/","title":{"rendered":"Caso M\u00e3e Bernadete: suspeitos de matar l\u00edder quilombola com 12 tiros na Bahia s\u00e3o identificados"},"content":{"rendered":"\n<p>Os suspeitos de assassinarem\u00a0Bernadete Pac\u00edfico, lideran\u00e7a quilombola baiana e coordenadora da Coordena\u00e7\u00e3o Nacional de Articula\u00e7\u00e3o de Quilombos (Conaq), com 12 tiros\u00a0dentro da associa\u00e7\u00e3o do Quilombo Pitanga dos Palmares, foram identificados.<\/p>\n\n\n\n<p>A informa\u00e7\u00e3o foi divulgada nesta quinta-feira (31) pelo secret\u00e1rio de seguran\u00e7a da Bahia, em exerc\u00edcio, Marcel de Oliveira.<\/p>\n\n\n\n<p>&#8220;Eu posso garantir que a investiga\u00e7\u00e3o est\u00e1 bem adiantada, com autorias definidas e com prov\u00e1veis motiva\u00e7\u00f5es conhecidas. No entanto, a investiga\u00e7\u00e3o tramita em sigilo, mas pode ter certeza que a fam\u00edlia vai ter o resultado que ela precisa e merece receber em pouco tempo&#8221;, afirmou.<\/p>\n\n\n\n<p>De acordo com Marcel de Oliveira, mais detalhes ser\u00e3o mantidos em sigilo para n\u00e3o atrapalhar as investiga\u00e7\u00f5es.<\/p>\n\n\n\n<p>&#8220;A gente n\u00e3o pode antecipar muito para n\u00e3o atrapalhar as investiga\u00e7\u00f5es, mas de fato \u00e9 uma \u00e1rea conflagrada, que tem muitos interesses permeando. A M\u00e3e Bernadete era uma pessoa combativa, que n\u00e3o se aquietava com as coisas erradas que presenciava&#8221;.<\/p>\n\n\n\n<p>Na quarta-feira (30), o Conselho Nacional de Justi\u00e7a (CNJ) informou que o assassinato da\u00a0l\u00edder quilombola M\u00e3e Bernadete, e do filho dela, ocorrido em 2017,\u00a0ser\u00e3o\u00a0acompanhados pelo Observat\u00f3rio das Causas de Grande Repercuss\u00e3o. O colegiado \u00e9 formado pela entidade e pelo Conselho Nacional do Minist\u00e9rio P\u00fablico (CNMP).<\/p>\n\n\n\n<p>Ainda na quarta, o\u00a0advogado David Mendez, que representa a fam\u00edlia de M\u00e3e Bernadete, pediu para ser beneficiado no Programa de Prote\u00e7\u00e3o aos Defensores de Direitos Humanos (PPDDH)\u00a0do Governo Federal.<\/p>\n\n\n\n<p>Fonte: g1 <\/p>\n","protected":false},"excerpt":{"rendered":"<p>Os suspeitos de assassinarem\u00a0Bernadete Pac\u00edfico, lideran\u00e7a quilombola baiana e coordenadora da Coordena\u00e7\u00e3o Nacional de Articula\u00e7\u00e3o de Quilombos (Conaq), com 12 tiros\u00a0dentro da associa\u00e7\u00e3o do Quilombo Pitanga dos Palmares, foram identificados. A informa\u00e7\u00e3o foi divulgada nesta quinta-feira (31) pelo secret\u00e1rio de seguran\u00e7a da Bahia, em exerc\u00edcio, Marcel de Oliveira. &#8220;Eu posso garantir que a investiga\u00e7\u00e3o est\u00e1 [&hellip;]<\/p>\n","protected":false},"author":2,"featured_media":3694,"comment_status":"open","ping_status":"open","sticky":false,"template":"","format":"standard","meta":{"jnews-multi-image_gallery":[],"jnews_single_post":{"subtitle":"","format":"standard","video":"","gallery":"","source_name":"","source_url":"","via_name":"","via_url":"","override_template":"0","override":[{"template":"1","single_blog_custom":"","parallax":"1","fullscreen":"1","layout":"right-sidebar","sidebar":"default-sidebar","second_sidebar":"default-sidebar","sticky_sidebar":"1","share_position":"top","share_float_style":"share-monocrhome","show_share_counter":"0","show_view_counter":"0","show_featured":"1","show_post_meta":"1","show_post_author":"0","show_post_author_image":"1","show_post_date":"1","post_date_format":"default","post_date_format_custom":"Y\/m\/d","show_post_category":"1","show_post_reading_time":"0","post_reading_time_wpm":"300","show_zoom_button":"0","zoom_button_out_step":"2","zoom_button_in_step":"3","show_post_tag":"1","show_prev_next_post":"1","show_popup_post":"1","number_popup_post":"1","show_author_box":"0","show_post_related":"0","show_inline_post_related":"0"}],"override_image_size":"0","image_override":[{"single_post_thumbnail_size":"no-crop","single_post_gallery_size":"crop-715"}],"trending_post":"0","trending_post_position":"meta","trending_post_label":"Trending","sponsored_post":"0","sponsored_post_label":"Sponsored by","sponsored_post_name":"","sponsored_post_url":"","sponsored_post_logo_enable":"0","sponsored_post_logo":"","sponsored_post_desc":"","disable_ad":"0"},"jnews_primary_category":{"id":"","hide":""},"footnotes":""},"categories":[105],"tags":[],"class_list":["post-3693","post","type-post","status-publish","format-standard","has-post-thumbnail","hentry","category-policia"],"_links":{"self":[{"href":"https:\/\/cidadebaixaonline.com.br\/index.php\/wp-json\/wp\/v2\/posts\/3693","targetHints":{"allow":["GET"]}}],"collection":[{"href":"https:\/\/cidadebaixaonline.com.br\/index.php\/wp-json\/wp\/v2\/posts"}],"about":[{"href":"https:\/\/cidadebaixaonline.com.br\/index.php\/wp-json\/wp\/v2\/types\/post"}],"author":[{"embeddable":true,"href":"https:\/\/cidadebaixaonline.com.br\/index.php\/wp-json\/wp\/v2\/users\/2"}],"replies":[{"embeddable":true,"href":"https:\/\/cidadebaixaonline.com.br\/index.php\/wp-json\/wp\/v2\/comments?post=3693"}],"version-history":[{"count":1,"href":"https:\/\/cidadebaixaonline.com.br\/index.php\/wp-json\/wp\/v2\/posts\/3693\/revisions"}],"predecessor-version":[{"id":3695,"href":"https:\/\/cidadebaixaonline.com.br\/index.php\/wp-json\/wp\/v2\/posts\/3693\/revisions\/3695"}],"wp:featuredmedia":[{"embeddable":true,"href":"https:\/\/cidadebaixaonline.com.br\/index.php\/wp-json\/wp\/v2\/media\/3694"}],"wp:attachment":[{"href":"https:\/\/cidadebaixaonline.com.br\/index.php\/wp-json\/wp\/v2\/media?parent=3693"}],"wp:term":[{"taxonomy":"category","embeddable":true,"href":"https:\/\/cidadebaixaonline.com.br\/index.php\/wp-json\/wp\/v2\/categories?post=3693"},{"taxonomy":"post_tag","embeddable":true,"href":"https:\/\/cidadebaixaonline.com.br\/index.php\/wp-json\/wp\/v2\/tags?post=3693"}],"curies":[{"name":"wp","href":"https:\/\/api.w.org\/{rel}","templated":true}]}}