{"id":3690,"date":"2023-08-31T14:50:18","date_gmt":"2023-08-31T17:50:18","guid":{"rendered":"https:\/\/cidadebaixaonline.com.br\/?p=3690"},"modified":"2023-08-31T14:50:20","modified_gmt":"2023-08-31T17:50:20","slug":"mudancas-definitivas-no-acesso-de-valeria-sao-realizadas-confira","status":"publish","type":"post","link":"https:\/\/cidadebaixaonline.com.br\/index.php\/2023\/08\/31\/mudancas-definitivas-no-acesso-de-valeria-sao-realizadas-confira\/","title":{"rendered":"Mudan\u00e7as definitivas no acesso de Val\u00e9ria s\u00e3o realizadas; confira"},"content":{"rendered":"\n<p>A VIABAHIA realiza altera\u00e7\u00f5es definitivas no fluxo de ve\u00edculos na via lateral, localizada Km 613 da BR-324, que d\u00e1 acesso ao bairro de Val\u00e9ria, em Salvador.\u00a0A partir da pr\u00f3xima segunda-feira, 4, o motorista que entrar na via lateral, sentido Salvador, ter\u00e1 acesso somente ao bairro de Val\u00e9ria e n\u00e3o mais poder\u00e1 retornar a via principal da rodovia.\u00a0<\/p>\n\n\n\n<p>A medida, tomada em conjunto com a Pol\u00edcia Rodovi\u00e1ria Federal, vinha sendo testada h\u00e1 dois meses e tem&nbsp;o objetivo de minimizar o congestionamento de ve\u00edculos no local, durante os hor\u00e1rios de pico.&nbsp;<\/p>\n\n\n\n<p>Para orientar os motoristas sobre a mudan\u00e7a, o local est\u00e1 devidamente sinalizado com indica\u00e7\u00f5es no pavimento e mensagens nos pain\u00e9is da VIABAHIA.\u00a0<\/p>\n\n\n\n<p><strong>Pontos de \u00f4nibus<\/strong><\/p>\n\n\n\n<p>No lugar existem dois pontos de \u00f4nibus, um localizado pr\u00f3ximo \u00e0 passarela (na via principal) que liga os bairros de Val\u00e9ria \u00e0 Palestina e um outro (na via lateral). Ap\u00f3s a mudan\u00e7a no fluxo, o segundo ponto citado ser\u00e1 desativado.<\/p>\n\n\n\n<p>Fonte: Bahia Not\u00edcias <\/p>\n","protected":false},"excerpt":{"rendered":"<p>A VIABAHIA realiza altera\u00e7\u00f5es definitivas no fluxo de ve\u00edculos na via lateral, localizada Km 613 da BR-324, que d\u00e1 acesso ao bairro de Val\u00e9ria, em Salvador.\u00a0A partir da pr\u00f3xima segunda-feira, 4, o motorista que entrar na via lateral, sentido Salvador, ter\u00e1 acesso somente ao bairro de Val\u00e9ria e n\u00e3o mais poder\u00e1 retornar a via principal [&hellip;]<\/p>\n","protected":false},"author":2,"featured_media":3691,"comment_status":"open","ping_status":"open","sticky":false,"template":"","format":"standard","meta":{"jnews-multi-image_gallery":[],"jnews_single_post":{"subtitle":"","format":"standard","video":"","gallery":"","source_name":"","source_url":"","via_name":"","via_url":"","override_template":"0","override":[{"template":"1","single_blog_custom":"","parallax":"1","fullscreen":"1","layout":"right-sidebar","sidebar":"default-sidebar","second_sidebar":"default-sidebar","sticky_sidebar":"1","share_position":"top","share_float_style":"share-monocrhome","show_share_counter":"0","show_view_counter":"0","show_featured":"1","show_post_meta":"1","show_post_author":"0","show_post_author_image":"1","show_post_date":"1","post_date_format":"default","post_date_format_custom":"Y\/m\/d","show_post_category":"1","show_post_reading_time":"0","post_reading_time_wpm":"300","show_zoom_button":"0","zoom_button_out_step":"2","zoom_button_in_step":"3","show_post_tag":"1","show_prev_next_post":"1","show_popup_post":"1","number_popup_post":"1","show_author_box":"0","show_post_related":"0","show_inline_post_related":"0"}],"override_image_size":"0","image_override":[{"single_post_thumbnail_size":"no-crop","single_post_gallery_size":"crop-715"}],"trending_post":"0","trending_post_position":"meta","trending_post_label":"Trending","sponsored_post":"0","sponsored_post_label":"Sponsored by","sponsored_post_name":"","sponsored_post_url":"","sponsored_post_logo_enable":"0","sponsored_post_logo":"","sponsored_post_desc":"","disable_ad":"0"},"jnews_primary_category":{"id":"","hide":""},"footnotes":""},"categories":[85],"tags":[],"class_list":["post-3690","post","type-post","status-publish","format-standard","has-post-thumbnail","hentry","category-noticias"],"_links":{"self":[{"href":"https:\/\/cidadebaixaonline.com.br\/index.php\/wp-json\/wp\/v2\/posts\/3690","targetHints":{"allow":["GET"]}}],"collection":[{"href":"https:\/\/cidadebaixaonline.com.br\/index.php\/wp-json\/wp\/v2\/posts"}],"about":[{"href":"https:\/\/cidadebaixaonline.com.br\/index.php\/wp-json\/wp\/v2\/types\/post"}],"author":[{"embeddable":true,"href":"https:\/\/cidadebaixaonline.com.br\/index.php\/wp-json\/wp\/v2\/users\/2"}],"replies":[{"embeddable":true,"href":"https:\/\/cidadebaixaonline.com.br\/index.php\/wp-json\/wp\/v2\/comments?post=3690"}],"version-history":[{"count":1,"href":"https:\/\/cidadebaixaonline.com.br\/index.php\/wp-json\/wp\/v2\/posts\/3690\/revisions"}],"predecessor-version":[{"id":3692,"href":"https:\/\/cidadebaixaonline.com.br\/index.php\/wp-json\/wp\/v2\/posts\/3690\/revisions\/3692"}],"wp:featuredmedia":[{"embeddable":true,"href":"https:\/\/cidadebaixaonline.com.br\/index.php\/wp-json\/wp\/v2\/media\/3691"}],"wp:attachment":[{"href":"https:\/\/cidadebaixaonline.com.br\/index.php\/wp-json\/wp\/v2\/media?parent=3690"}],"wp:term":[{"taxonomy":"category","embeddable":true,"href":"https:\/\/cidadebaixaonline.com.br\/index.php\/wp-json\/wp\/v2\/categories?post=3690"},{"taxonomy":"post_tag","embeddable":true,"href":"https:\/\/cidadebaixaonline.com.br\/index.php\/wp-json\/wp\/v2\/tags?post=3690"}],"curies":[{"name":"wp","href":"https:\/\/api.w.org\/{rel}","templated":true}]}}