{"id":3686,"date":"2023-08-31T14:41:07","date_gmt":"2023-08-31T17:41:07","guid":{"rendered":"https:\/\/cidadebaixaonline.com.br\/?p=3686"},"modified":"2023-08-31T14:41:09","modified_gmt":"2023-08-31T17:41:09","slug":"palco-da-final-da-libertadores-conmebol-acompanha-tratamento-no-gramado-do-maracana","status":"publish","type":"post","link":"https:\/\/cidadebaixaonline.com.br\/index.php\/2023\/08\/31\/palco-da-final-da-libertadores-conmebol-acompanha-tratamento-no-gramado-do-maracana\/","title":{"rendered":"Palco da final da Libertadores, Conmebol acompanha tratamento no gramado do Maracan\u00e3"},"content":{"rendered":"\n<p>A Conmebol est\u00e1 de olho no tratamento do gramado do Maracan\u00e3. O est\u00e1dio ser\u00e1 palco da final da Libertadores 2023, marcada para o dia 4 de novembro. Segundo o site ge.globo, a confedera\u00e7\u00e3o sul-americana designou um funcion\u00e1rio para acompanhar o trabalho de recupera\u00e7\u00e3o do campo.<\/p>\n\n\n\n<p>A Conmebol quer que Maracan\u00e3 seja paralisado 20 dias antes da final da Libertadores. Na semana passada, a entidade fez uma visita no est\u00e1dio antes do jogo da vit\u00f3ria do Fluminense sobre o Olimpia por 2 a 0, pelo jogo de ida das quartas de final da competi\u00e7\u00e3o continental, para definir o planejamento at\u00e9 novembro. A pr\u00f3xima inspe\u00e7\u00e3o dever\u00e1 ocorrer ap\u00f3s o feriado de 7 de setembro, na pr\u00f3xima quinta, v\u00e9speras da reabertura da pra\u00e7a esportiva, prevista para a final da Copa do Brasil entre Flamengo e S\u00e3o Paulo, no dia 17 do mesmo m\u00eas.<\/p>\n\n\n\n<p>Recentemente, a Conmebol abriu procedimentos disciplinares contra Flamengo e Fluminense devido as condi\u00e7\u00f5es do gramado. Os dois clubes s\u00e3o os concession\u00e1rios tempor\u00e1rios do equipamento p\u00fablico at\u00e9 o dia 23 de outubro. O est\u00e1dio recebeu mais de 50 jogos na temporada, despertando a preocupa\u00e7\u00e3o para o estado do campo. De acordo com informa\u00e7\u00f5es do ge.globo, o atual ermo de Permiss\u00e3o de Uso que deixa o est\u00e1dio provisoriamente sob administra\u00e7\u00e3o das equipes cariocas deve ser renovado novamente sem concorr\u00eancia p\u00fablica, como ocorre desde abril de 2019. A licita\u00e7\u00e3o ainda n\u00e3o tem data para acontecer.<\/p>\n\n\n\n<p>A final da Libertadores de 2023 ser\u00e1 a quarta decis\u00e3o continental sediada no Maracan\u00e3. O est\u00e1dio recebeu as finais da Copa Am\u00e9rica de 2019 e 2021, al\u00e9m da disputa do t\u00edtulo da principal competi\u00e7\u00e3o da Am\u00e9rica do Sul entre clubes na edi\u00e7\u00e3o de 2020, realizada em janeiro de 2021 quando o Palmeiras levou a melhor sobre o Santos. Para esta decis\u00e3o, a pra\u00e7a esportiva ficou fechada por 20 dias para que o gramado fosse recuperado.<\/p>\n\n\n\n<p>Fonte: Bahia Not\u00edcias <\/p>\n","protected":false},"excerpt":{"rendered":"<p>A Conmebol est\u00e1 de olho no tratamento do gramado do Maracan\u00e3. O est\u00e1dio ser\u00e1 palco da final da Libertadores 2023, marcada para o dia 4 de novembro. Segundo o site ge.globo, a confedera\u00e7\u00e3o sul-americana designou um funcion\u00e1rio para acompanhar o trabalho de recupera\u00e7\u00e3o do campo. A Conmebol quer que Maracan\u00e3 seja paralisado 20 dias antes [&hellip;]<\/p>\n","protected":false},"author":2,"featured_media":3687,"comment_status":"open","ping_status":"open","sticky":false,"template":"","format":"standard","meta":{"jnews-multi-image_gallery":[],"jnews_single_post":{"subtitle":"","format":"standard","video":"","gallery":"","source_name":"","source_url":"","via_name":"","via_url":"","override_template":"0","override":[{"template":"1","single_blog_custom":"","parallax":"1","fullscreen":"1","layout":"right-sidebar","sidebar":"default-sidebar","second_sidebar":"default-sidebar","sticky_sidebar":"1","share_position":"top","share_float_style":"share-monocrhome","show_share_counter":"0","show_view_counter":"0","show_featured":"1","show_post_meta":"1","show_post_author":"0","show_post_author_image":"1","show_post_date":"1","post_date_format":"default","post_date_format_custom":"Y\/m\/d","show_post_category":"1","show_post_reading_time":"0","post_reading_time_wpm":"300","show_zoom_button":"0","zoom_button_out_step":"2","zoom_button_in_step":"3","show_post_tag":"1","show_prev_next_post":"1","show_popup_post":"1","number_popup_post":"1","show_author_box":"0","show_post_related":"0","show_inline_post_related":"0"}],"override_image_size":"0","image_override":[{"single_post_thumbnail_size":"no-crop","single_post_gallery_size":"crop-715"}],"trending_post":"0","trending_post_position":"meta","trending_post_label":"Trending","sponsored_post":"0","sponsored_post_label":"Sponsored by","sponsored_post_name":"","sponsored_post_url":"","sponsored_post_logo_enable":"0","sponsored_post_logo":"","sponsored_post_desc":"","disable_ad":"0"},"jnews_primary_category":{"id":"","hide":""},"footnotes":""},"categories":[89],"tags":[],"class_list":["post-3686","post","type-post","status-publish","format-standard","has-post-thumbnail","hentry","category-esportes"],"_links":{"self":[{"href":"https:\/\/cidadebaixaonline.com.br\/index.php\/wp-json\/wp\/v2\/posts\/3686","targetHints":{"allow":["GET"]}}],"collection":[{"href":"https:\/\/cidadebaixaonline.com.br\/index.php\/wp-json\/wp\/v2\/posts"}],"about":[{"href":"https:\/\/cidadebaixaonline.com.br\/index.php\/wp-json\/wp\/v2\/types\/post"}],"author":[{"embeddable":true,"href":"https:\/\/cidadebaixaonline.com.br\/index.php\/wp-json\/wp\/v2\/users\/2"}],"replies":[{"embeddable":true,"href":"https:\/\/cidadebaixaonline.com.br\/index.php\/wp-json\/wp\/v2\/comments?post=3686"}],"version-history":[{"count":1,"href":"https:\/\/cidadebaixaonline.com.br\/index.php\/wp-json\/wp\/v2\/posts\/3686\/revisions"}],"predecessor-version":[{"id":3688,"href":"https:\/\/cidadebaixaonline.com.br\/index.php\/wp-json\/wp\/v2\/posts\/3686\/revisions\/3688"}],"wp:featuredmedia":[{"embeddable":true,"href":"https:\/\/cidadebaixaonline.com.br\/index.php\/wp-json\/wp\/v2\/media\/3687"}],"wp:attachment":[{"href":"https:\/\/cidadebaixaonline.com.br\/index.php\/wp-json\/wp\/v2\/media?parent=3686"}],"wp:term":[{"taxonomy":"category","embeddable":true,"href":"https:\/\/cidadebaixaonline.com.br\/index.php\/wp-json\/wp\/v2\/categories?post=3686"},{"taxonomy":"post_tag","embeddable":true,"href":"https:\/\/cidadebaixaonline.com.br\/index.php\/wp-json\/wp\/v2\/tags?post=3686"}],"curies":[{"name":"wp","href":"https:\/\/api.w.org\/{rel}","templated":true}]}}