{"id":3680,"date":"2023-08-31T14:23:05","date_gmt":"2023-08-31T17:23:05","guid":{"rendered":"https:\/\/cidadebaixaonline.com.br\/?p=3680"},"modified":"2023-08-31T14:23:06","modified_gmt":"2023-08-31T17:23:06","slug":"saiba-qual-a-previsao-de-valor-e-quando-comeca-a-valer-o-salario-minimo-de-2024","status":"publish","type":"post","link":"https:\/\/cidadebaixaonline.com.br\/index.php\/2023\/08\/31\/saiba-qual-a-previsao-de-valor-e-quando-comeca-a-valer-o-salario-minimo-de-2024\/","title":{"rendered":"Saiba qual a previs\u00e3o de valor e quando come\u00e7a a valer o sal\u00e1rio m\u00ednimo de 2024"},"content":{"rendered":"\n<p>O&nbsp;governo Lula&nbsp;(PT) busca aprovar uma nova pol\u00edtica de valoriza\u00e7\u00e3o do sal\u00e1rio m\u00ednimo no Brasil, que atualmente est\u00e1 em R$ 1.320. Um Projeto de Lei (PL) corre no Congresso Nacional para definir um sistema anual de reajuste que entraria em vigor a partir de 2024, mas a proposta segue em fase de an\u00e1lise na C\u00e2mara dos Deputados.<\/p>\n\n\n\n<p>Se aprovado, o reajuste anual ser\u00e1 calculado com base na infla\u00e7\u00e3o do ano anterior e o Produto Interno Bruto (PIB) consolidado de dois anos antes. No entanto, uma exce\u00e7\u00e3o \u00e9 estabelecida quando o&nbsp;PIB&nbsp;de dois anos anteriores apresentar resultado negativo, nesse caso o reajuste ser\u00e1 restrito \u00e0 varia\u00e7\u00e3o inflacion\u00e1ria, eliminando assim a negocia\u00e7\u00e3o entre o governo e o Congresso a respeito do aumento anual.<\/p>\n\n\n\n<p>Para 2024, fontes ligadas ao governo Lula acreditam numa proje\u00e7\u00e3o do&nbsp;sal\u00e1rio m\u00ednimo&nbsp;atingir R$ 1.421. A proposta or\u00e7ament\u00e1ria encaminhada pelo governo ao Congresso para 2024 estabelece um valor de R$ 1.389 para o sal\u00e1rio m\u00ednimo, sem incorporar a nova pol\u00edtica de valoriza\u00e7\u00e3o. O PL prev\u00ea que as novas diretrizes entrem em vigor em 1\u00ba de janeiro de 2024.<\/p>\n\n\n\n<p>O deputado Jos\u00e9 Guimar\u00e3es (PT-CE), l\u00edder do governo na C\u00e2mara, apresentou uma solicita\u00e7\u00e3o para vota\u00e7\u00e3o em regime de urg\u00eancia no final de junho, mas a aprova\u00e7\u00e3o ainda n\u00e3o foi concedida.<\/p>\n\n\n\n<p>Fonte: Bnews <\/p>\n","protected":false},"excerpt":{"rendered":"<p>O&nbsp;governo Lula&nbsp;(PT) busca aprovar uma nova pol\u00edtica de valoriza\u00e7\u00e3o do sal\u00e1rio m\u00ednimo no Brasil, que atualmente est\u00e1 em R$ 1.320. Um Projeto de Lei (PL) corre no Congresso Nacional para definir um sistema anual de reajuste que entraria em vigor a partir de 2024, mas a proposta segue em fase de an\u00e1lise na C\u00e2mara dos [&hellip;]<\/p>\n","protected":false},"author":2,"featured_media":3681,"comment_status":"open","ping_status":"open","sticky":false,"template":"","format":"standard","meta":{"jnews-multi-image_gallery":[],"jnews_single_post":{"subtitle":"","format":"standard","video":"","gallery":"","source_name":"","source_url":"","via_name":"","via_url":"","override_template":"0","override":[{"template":"1","single_blog_custom":"","parallax":"1","fullscreen":"1","layout":"right-sidebar","sidebar":"default-sidebar","second_sidebar":"default-sidebar","sticky_sidebar":"1","share_position":"top","share_float_style":"share-monocrhome","show_share_counter":"0","show_view_counter":"0","show_featured":"1","show_post_meta":"1","show_post_author":"0","show_post_author_image":"1","show_post_date":"1","post_date_format":"default","post_date_format_custom":"Y\/m\/d","show_post_category":"1","show_post_reading_time":"0","post_reading_time_wpm":"300","show_zoom_button":"0","zoom_button_out_step":"2","zoom_button_in_step":"3","show_post_tag":"1","show_prev_next_post":"1","show_popup_post":"1","number_popup_post":"1","show_author_box":"0","show_post_related":"0","show_inline_post_related":"0"}],"override_image_size":"0","image_override":[{"single_post_thumbnail_size":"no-crop","single_post_gallery_size":"crop-715"}],"trending_post":"0","trending_post_position":"meta","trending_post_label":"Trending","sponsored_post":"0","sponsored_post_label":"Sponsored by","sponsored_post_name":"","sponsored_post_url":"","sponsored_post_logo_enable":"0","sponsored_post_logo":"","sponsored_post_desc":"","disable_ad":"0"},"jnews_primary_category":{"id":"","hide":""},"footnotes":""},"categories":[92],"tags":[],"class_list":["post-3680","post","type-post","status-publish","format-standard","has-post-thumbnail","hentry","category-economia"],"_links":{"self":[{"href":"https:\/\/cidadebaixaonline.com.br\/index.php\/wp-json\/wp\/v2\/posts\/3680","targetHints":{"allow":["GET"]}}],"collection":[{"href":"https:\/\/cidadebaixaonline.com.br\/index.php\/wp-json\/wp\/v2\/posts"}],"about":[{"href":"https:\/\/cidadebaixaonline.com.br\/index.php\/wp-json\/wp\/v2\/types\/post"}],"author":[{"embeddable":true,"href":"https:\/\/cidadebaixaonline.com.br\/index.php\/wp-json\/wp\/v2\/users\/2"}],"replies":[{"embeddable":true,"href":"https:\/\/cidadebaixaonline.com.br\/index.php\/wp-json\/wp\/v2\/comments?post=3680"}],"version-history":[{"count":1,"href":"https:\/\/cidadebaixaonline.com.br\/index.php\/wp-json\/wp\/v2\/posts\/3680\/revisions"}],"predecessor-version":[{"id":3682,"href":"https:\/\/cidadebaixaonline.com.br\/index.php\/wp-json\/wp\/v2\/posts\/3680\/revisions\/3682"}],"wp:featuredmedia":[{"embeddable":true,"href":"https:\/\/cidadebaixaonline.com.br\/index.php\/wp-json\/wp\/v2\/media\/3681"}],"wp:attachment":[{"href":"https:\/\/cidadebaixaonline.com.br\/index.php\/wp-json\/wp\/v2\/media?parent=3680"}],"wp:term":[{"taxonomy":"category","embeddable":true,"href":"https:\/\/cidadebaixaonline.com.br\/index.php\/wp-json\/wp\/v2\/categories?post=3680"},{"taxonomy":"post_tag","embeddable":true,"href":"https:\/\/cidadebaixaonline.com.br\/index.php\/wp-json\/wp\/v2\/tags?post=3680"}],"curies":[{"name":"wp","href":"https:\/\/api.w.org\/{rel}","templated":true}]}}