{"id":3677,"date":"2023-08-31T14:20:17","date_gmt":"2023-08-31T17:20:17","guid":{"rendered":"https:\/\/cidadebaixaonline.com.br\/?p=3677"},"modified":"2023-08-31T14:20:19","modified_gmt":"2023-08-31T17:20:19","slug":"carlos-augusto-e-prea-sao-a-mesma-pessoa-confirma-policia-civil","status":"publish","type":"post","link":"https:\/\/cidadebaixaonline.com.br\/index.php\/2023\/08\/31\/carlos-augusto-e-prea-sao-a-mesma-pessoa-confirma-policia-civil\/","title":{"rendered":"Carlos Augusto e &#8216;Pre\u00e1&#8217; s\u00e3o a mesma pessoa, confirma Pol\u00edcia Civil"},"content":{"rendered":"\n<p>Apontado como o piv\u00f4 da chacina ocorrida no munic\u00edpio de Mata de S\u00e3o Jo\u00e3o, o &#8216;Pre\u00e1&#8217; foi identificado como Carlos Augusto&nbsp;Gonzaga dos Santos, de 41 anos. A informa\u00e7\u00e3o foi confirmada pela Pol\u00edcia Civil, na noite de quarta-feira, 30.<\/p>\n\n\n\n<p>Pre\u00e1 foi morto a tiros em uma resid\u00eancia na zona rural da cidade e depois teve o corpo carbonizado junto com outras seis pessoas que estavam no mesmo local. O crime teria sido motivado por ci\u00fames, uma vez que a &#8216;v\u00edtima&#8217; seria ex-namorado da atual companheira de um dos executores.&nbsp;<\/p>\n\n\n\n<p>Al\u00e9m do rapaz, outras cinco pessoas mortas tamb\u00e9m foram identificadas: Carla Souza dos Santos, de 17 anos; Gabriel Souza dos Santos, de 13 anos; Cristiane Bispo dos Santos, de 37 anos; Brenda Bispo dos Santos, de 16 anos; e Bianca dos Santos Almeida, de 18 anos. Uma sexta pessoa que estava na casa n\u00e3o foi identificada.&nbsp;<\/p>\n\n\n\n<p>Em outro im\u00f3vel ao lado, morreram&nbsp;Cl\u00edcia Costa Magalh\u00e3es, de 35 anos, e Sara Miranda Magalh\u00e3es, de 56 anos. Informa\u00e7\u00f5es preliminares apontam que seriam m\u00e3e e filha. Elas tentaram ajudar uma crian\u00e7a de 12 anos que fugiu da a\u00e7\u00e3o dos criminosos e, ao abrirem a porta, foram executadas a tiros.&nbsp;&nbsp;<\/p>\n\n\n\n<p>De acordo com a Pol\u00edcia Civil,&nbsp;os suspeitos de envolvimento na chacina s\u00e3o: Francisco de Jesus J\u00fanior e Matheus Barbosa de Souza, que foram mortos em confronto com a pol\u00edcia na ter\u00e7a-feira, 29.<\/p>\n\n\n\n<p>Outro homem foi preso e o quarto suspeito est\u00e1 foragido. Os nomes deles n\u00e3o foram divulgados, mas o preso confessou a participa\u00e7\u00e3o nos crimes.<\/p>\n\n\n\n<p>Fonte: ATarde <\/p>\n","protected":false},"excerpt":{"rendered":"<p>Apontado como o piv\u00f4 da chacina ocorrida no munic\u00edpio de Mata de S\u00e3o Jo\u00e3o, o &#8216;Pre\u00e1&#8217; foi identificado como Carlos Augusto&nbsp;Gonzaga dos Santos, de 41 anos. A informa\u00e7\u00e3o foi confirmada pela Pol\u00edcia Civil, na noite de quarta-feira, 30. Pre\u00e1 foi morto a tiros em uma resid\u00eancia na zona rural da cidade e depois teve o [&hellip;]<\/p>\n","protected":false},"author":2,"featured_media":3678,"comment_status":"open","ping_status":"open","sticky":false,"template":"","format":"standard","meta":{"jnews-multi-image_gallery":[],"jnews_single_post":{"subtitle":"","format":"standard","video":"","gallery":"","source_name":"","source_url":"","via_name":"","via_url":"","override_template":"0","override":[{"template":"1","single_blog_custom":"","parallax":"1","fullscreen":"1","layout":"right-sidebar","sidebar":"default-sidebar","second_sidebar":"default-sidebar","sticky_sidebar":"1","share_position":"top","share_float_style":"share-monocrhome","show_share_counter":"0","show_view_counter":"0","show_featured":"1","show_post_meta":"1","show_post_author":"0","show_post_author_image":"1","show_post_date":"1","post_date_format":"default","post_date_format_custom":"Y\/m\/d","show_post_category":"1","show_post_reading_time":"0","post_reading_time_wpm":"300","show_zoom_button":"0","zoom_button_out_step":"2","zoom_button_in_step":"3","show_post_tag":"1","show_prev_next_post":"1","show_popup_post":"1","number_popup_post":"1","show_author_box":"0","show_post_related":"0","show_inline_post_related":"0"}],"override_image_size":"0","image_override":[{"single_post_thumbnail_size":"no-crop","single_post_gallery_size":"crop-715"}],"trending_post":"0","trending_post_position":"meta","trending_post_label":"Trending","sponsored_post":"0","sponsored_post_label":"Sponsored by","sponsored_post_name":"","sponsored_post_url":"","sponsored_post_logo_enable":"0","sponsored_post_logo":"","sponsored_post_desc":"","disable_ad":"0"},"jnews_primary_category":{"id":"","hide":""},"footnotes":""},"categories":[105],"tags":[],"class_list":["post-3677","post","type-post","status-publish","format-standard","has-post-thumbnail","hentry","category-policia"],"_links":{"self":[{"href":"https:\/\/cidadebaixaonline.com.br\/index.php\/wp-json\/wp\/v2\/posts\/3677","targetHints":{"allow":["GET"]}}],"collection":[{"href":"https:\/\/cidadebaixaonline.com.br\/index.php\/wp-json\/wp\/v2\/posts"}],"about":[{"href":"https:\/\/cidadebaixaonline.com.br\/index.php\/wp-json\/wp\/v2\/types\/post"}],"author":[{"embeddable":true,"href":"https:\/\/cidadebaixaonline.com.br\/index.php\/wp-json\/wp\/v2\/users\/2"}],"replies":[{"embeddable":true,"href":"https:\/\/cidadebaixaonline.com.br\/index.php\/wp-json\/wp\/v2\/comments?post=3677"}],"version-history":[{"count":1,"href":"https:\/\/cidadebaixaonline.com.br\/index.php\/wp-json\/wp\/v2\/posts\/3677\/revisions"}],"predecessor-version":[{"id":3679,"href":"https:\/\/cidadebaixaonline.com.br\/index.php\/wp-json\/wp\/v2\/posts\/3677\/revisions\/3679"}],"wp:featuredmedia":[{"embeddable":true,"href":"https:\/\/cidadebaixaonline.com.br\/index.php\/wp-json\/wp\/v2\/media\/3678"}],"wp:attachment":[{"href":"https:\/\/cidadebaixaonline.com.br\/index.php\/wp-json\/wp\/v2\/media?parent=3677"}],"wp:term":[{"taxonomy":"category","embeddable":true,"href":"https:\/\/cidadebaixaonline.com.br\/index.php\/wp-json\/wp\/v2\/categories?post=3677"},{"taxonomy":"post_tag","embeddable":true,"href":"https:\/\/cidadebaixaonline.com.br\/index.php\/wp-json\/wp\/v2\/tags?post=3677"}],"curies":[{"name":"wp","href":"https:\/\/api.w.org\/{rel}","templated":true}]}}