{"id":3671,"date":"2023-08-31T14:15:28","date_gmt":"2023-08-31T17:15:28","guid":{"rendered":"https:\/\/cidadebaixaonline.com.br\/?p=3671"},"modified":"2023-08-31T14:15:30","modified_gmt":"2023-08-31T17:15:30","slug":"professor-e-denunciado-por-abusos-contra-alunas-em-escola-de-vera-cruz","status":"publish","type":"post","link":"https:\/\/cidadebaixaonline.com.br\/index.php\/2023\/08\/31\/professor-e-denunciado-por-abusos-contra-alunas-em-escola-de-vera-cruz\/","title":{"rendered":"Professor \u00e9 denunciado por abusos contra alunas em escola de Vera Cruz"},"content":{"rendered":"\n<p>M\u00e3es de alunas do Col\u00e9gio Municipal Professora D\u00e1ulia Ang\u00e9lica de Souza Santos, na cidade de Vera Cruz, Regi\u00e3o Metropolitana de Salvador, denunciaram um professor de matem\u00e1tica por crimes sexuais.&nbsp;Segundo as v\u00edtimas, o homem teria tocado nas partes \u00edntimas delas.<\/p>\n\n\n\n<p>&#8220;Ela disse que estava na escola fazendo dever com uma colega, o professor veio por tr\u00e1s, passou a m\u00e3o no ombro dela, perguntou se ela tinha alguma d\u00favida no dever e apalpou os seios dela. Ela, imediatamente, empurrou o bra\u00e7o dele e foi pro banheiro chorar&#8221;, disse a m\u00e3e de uma das alunas \u00e0 TV Bahia.<\/p>\n\n\n\n<p>A m\u00e3e de outra aluna, de 11 anos, relata que a menina tamb\u00e9m foi v\u00edtima do professor.&nbsp;A mulher detalhou que a crian\u00e7a n\u00e3o quer ir para a escola e sente crises de ansiedade, v\u00f4mitos e dor de cabe\u00e7a desde o ocorrido em sala de aula este ano.<\/p>\n\n\n\n<p>Em nota, a prefeitura de Vera Cruz, atrav\u00e9s da Secretaria de Educa\u00e7\u00e3o, diz se solidarizar com os pais e alunas das crian\u00e7as. O texto informa ainda que o professor, que \u00e9 concursado, foi afastado das atividades.<\/p>\n\n\n\n<p>&#8220;O caso segue acompanhado e investigado pela Pol\u00edcia , com toda colabora\u00e7\u00e3o necess\u00e1ria. Priorizando o acolhimento, as estudantes foram encaminhadas para assist\u00eancia psicol\u00f3gica e, em paralelo, foram promovidas reuni\u00f5es educativas sobre o que efetivamente caracteriza o ass\u00e9dio&#8221;, diz a nota.<\/p>\n\n\n\n<p>A Pol\u00edcia Civil n\u00e3o divulga detalhes da investiga\u00e7\u00e3o, tendo em vista que o fato envolve menores de idade.&nbsp;<\/p>\n\n\n\n<p>Fonte: ATarde <\/p>\n","protected":false},"excerpt":{"rendered":"<p>M\u00e3es de alunas do Col\u00e9gio Municipal Professora D\u00e1ulia Ang\u00e9lica de Souza Santos, na cidade de Vera Cruz, Regi\u00e3o Metropolitana de Salvador, denunciaram um professor de matem\u00e1tica por crimes sexuais.&nbsp;Segundo as v\u00edtimas, o homem teria tocado nas partes \u00edntimas delas. &#8220;Ela disse que estava na escola fazendo dever com uma colega, o professor veio por tr\u00e1s, [&hellip;]<\/p>\n","protected":false},"author":2,"featured_media":3672,"comment_status":"open","ping_status":"open","sticky":false,"template":"","format":"standard","meta":{"jnews-multi-image_gallery":[],"jnews_single_post":{"subtitle":"","format":"standard","video":"","gallery":"","source_name":"","source_url":"","via_name":"","via_url":"","override_template":"0","override":[{"template":"1","single_blog_custom":"","parallax":"1","fullscreen":"1","layout":"right-sidebar","sidebar":"default-sidebar","second_sidebar":"default-sidebar","sticky_sidebar":"1","share_position":"top","share_float_style":"share-monocrhome","show_share_counter":"0","show_view_counter":"0","show_featured":"1","show_post_meta":"1","show_post_author":"0","show_post_author_image":"1","show_post_date":"1","post_date_format":"default","post_date_format_custom":"Y\/m\/d","show_post_category":"1","show_post_reading_time":"0","post_reading_time_wpm":"300","show_zoom_button":"0","zoom_button_out_step":"2","zoom_button_in_step":"3","show_post_tag":"1","show_prev_next_post":"1","show_popup_post":"1","number_popup_post":"1","show_author_box":"0","show_post_related":"0","show_inline_post_related":"0"}],"override_image_size":"0","image_override":[{"single_post_thumbnail_size":"no-crop","single_post_gallery_size":"crop-715"}],"trending_post":"0","trending_post_position":"meta","trending_post_label":"Trending","sponsored_post":"0","sponsored_post_label":"Sponsored by","sponsored_post_name":"","sponsored_post_url":"","sponsored_post_logo_enable":"0","sponsored_post_logo":"","sponsored_post_desc":"","disable_ad":"0"},"jnews_primary_category":{"id":"","hide":""},"footnotes":""},"categories":[105],"tags":[],"class_list":["post-3671","post","type-post","status-publish","format-standard","has-post-thumbnail","hentry","category-policia"],"_links":{"self":[{"href":"https:\/\/cidadebaixaonline.com.br\/index.php\/wp-json\/wp\/v2\/posts\/3671","targetHints":{"allow":["GET"]}}],"collection":[{"href":"https:\/\/cidadebaixaonline.com.br\/index.php\/wp-json\/wp\/v2\/posts"}],"about":[{"href":"https:\/\/cidadebaixaonline.com.br\/index.php\/wp-json\/wp\/v2\/types\/post"}],"author":[{"embeddable":true,"href":"https:\/\/cidadebaixaonline.com.br\/index.php\/wp-json\/wp\/v2\/users\/2"}],"replies":[{"embeddable":true,"href":"https:\/\/cidadebaixaonline.com.br\/index.php\/wp-json\/wp\/v2\/comments?post=3671"}],"version-history":[{"count":1,"href":"https:\/\/cidadebaixaonline.com.br\/index.php\/wp-json\/wp\/v2\/posts\/3671\/revisions"}],"predecessor-version":[{"id":3673,"href":"https:\/\/cidadebaixaonline.com.br\/index.php\/wp-json\/wp\/v2\/posts\/3671\/revisions\/3673"}],"wp:featuredmedia":[{"embeddable":true,"href":"https:\/\/cidadebaixaonline.com.br\/index.php\/wp-json\/wp\/v2\/media\/3672"}],"wp:attachment":[{"href":"https:\/\/cidadebaixaonline.com.br\/index.php\/wp-json\/wp\/v2\/media?parent=3671"}],"wp:term":[{"taxonomy":"category","embeddable":true,"href":"https:\/\/cidadebaixaonline.com.br\/index.php\/wp-json\/wp\/v2\/categories?post=3671"},{"taxonomy":"post_tag","embeddable":true,"href":"https:\/\/cidadebaixaonline.com.br\/index.php\/wp-json\/wp\/v2\/tags?post=3671"}],"curies":[{"name":"wp","href":"https:\/\/api.w.org\/{rel}","templated":true}]}}