{"id":3565,"date":"2023-08-29T14:34:01","date_gmt":"2023-08-29T17:34:01","guid":{"rendered":"https:\/\/cidadebaixaonline.com.br\/?p=3565"},"modified":"2023-08-29T14:34:03","modified_gmt":"2023-08-29T17:34:03","slug":"recuperado-de-lesao-rodrigo-andrade-se-coloca-a-disposicao-do-vitoria-para-jogo-contra-o-mirassol","status":"publish","type":"post","link":"https:\/\/cidadebaixaonline.com.br\/index.php\/2023\/08\/29\/recuperado-de-lesao-rodrigo-andrade-se-coloca-a-disposicao-do-vitoria-para-jogo-contra-o-mirassol\/","title":{"rendered":"Recuperado de les\u00e3o, Rodrigo Andrade se coloca \u00e0 disposi\u00e7\u00e3o do Vit\u00f3ria para jogo contra o Mirassol"},"content":{"rendered":"\n<p>Recuperado de les\u00e3o, o volante Rodrigo Andrade se colocou \u00e0 disposi\u00e7\u00e3o do Vit\u00f3ria para a partida contra o Mirassol. Em virtude de um\u00a0problema na panturrilha, jogador n\u00e3o entra em campo desde a vit\u00f3ria do Le\u00e3o sobre a Chapecoense, pela rodada final do 1\u00ba turno da S\u00e9rie B, no dia 24 de julho.\u00a0<\/p>\n\n\n\n<p>&#8220;Estou melhor e j\u00e1 posso ajudar minha equipe novamente. A gente tem ido muito bem na competi\u00e7\u00e3o e faremos de tudo para manter esse ritmo&#8221;, afirmou Andrade, em entrevista ao Bahia Not\u00edcias.<\/p>\n\n\n\n<p>O atleta vinha em processo de transi\u00e7\u00e3o na \u00faltima semana e por isso n\u00e3o foi relacionado para a partida contra o Atl\u00e9tico-GO. Ele tem 27 jogos com a camisa do Vit\u00f3ria na temporada e tr\u00eas gols.<\/p>\n\n\n\n<p>L\u00edder com 48 pontos, o Rubro-Negro baiano recebe o Mirassol na pr\u00f3xima sexta-feira (1\u00ba), \u00e0s 19h15, no Barrad\u00e3o, pela 26\u00aa rodada da competi\u00e7\u00e3o.<\/p>\n\n\n\n<p>Fonte: Bahia Not\u00edcias <\/p>\n","protected":false},"excerpt":{"rendered":"<p>Recuperado de les\u00e3o, o volante Rodrigo Andrade se colocou \u00e0 disposi\u00e7\u00e3o do Vit\u00f3ria para a partida contra o Mirassol. Em virtude de um\u00a0problema na panturrilha, jogador n\u00e3o entra em campo desde a vit\u00f3ria do Le\u00e3o sobre a Chapecoense, pela rodada final do 1\u00ba turno da S\u00e9rie B, no dia 24 de julho.\u00a0 &#8220;Estou melhor e [&hellip;]<\/p>\n","protected":false},"author":2,"featured_media":3566,"comment_status":"open","ping_status":"open","sticky":false,"template":"","format":"standard","meta":{"jnews-multi-image_gallery":[],"jnews_single_post":{"subtitle":"","format":"standard","video":"","gallery":"","source_name":"","source_url":"","via_name":"","via_url":"","override_template":"0","override":[{"template":"1","single_blog_custom":"","parallax":"1","fullscreen":"1","layout":"right-sidebar","sidebar":"default-sidebar","second_sidebar":"default-sidebar","sticky_sidebar":"1","share_position":"top","share_float_style":"share-monocrhome","show_share_counter":"0","show_view_counter":"0","show_featured":"1","show_post_meta":"1","show_post_author":"0","show_post_author_image":"1","show_post_date":"1","post_date_format":"default","post_date_format_custom":"Y\/m\/d","show_post_category":"1","show_post_reading_time":"0","post_reading_time_wpm":"300","show_zoom_button":"0","zoom_button_out_step":"2","zoom_button_in_step":"3","show_post_tag":"1","show_prev_next_post":"1","show_popup_post":"1","number_popup_post":"1","show_author_box":"0","show_post_related":"0","show_inline_post_related":"0"}],"override_image_size":"0","image_override":[{"single_post_thumbnail_size":"no-crop","single_post_gallery_size":"crop-715"}],"trending_post":"0","trending_post_position":"meta","trending_post_label":"Trending","sponsored_post":"0","sponsored_post_label":"Sponsored by","sponsored_post_name":"","sponsored_post_url":"","sponsored_post_logo_enable":"0","sponsored_post_logo":"","sponsored_post_desc":"","disable_ad":"0"},"jnews_primary_category":{"id":"","hide":""},"footnotes":""},"categories":[89],"tags":[],"class_list":["post-3565","post","type-post","status-publish","format-standard","has-post-thumbnail","hentry","category-esportes"],"_links":{"self":[{"href":"https:\/\/cidadebaixaonline.com.br\/index.php\/wp-json\/wp\/v2\/posts\/3565","targetHints":{"allow":["GET"]}}],"collection":[{"href":"https:\/\/cidadebaixaonline.com.br\/index.php\/wp-json\/wp\/v2\/posts"}],"about":[{"href":"https:\/\/cidadebaixaonline.com.br\/index.php\/wp-json\/wp\/v2\/types\/post"}],"author":[{"embeddable":true,"href":"https:\/\/cidadebaixaonline.com.br\/index.php\/wp-json\/wp\/v2\/users\/2"}],"replies":[{"embeddable":true,"href":"https:\/\/cidadebaixaonline.com.br\/index.php\/wp-json\/wp\/v2\/comments?post=3565"}],"version-history":[{"count":1,"href":"https:\/\/cidadebaixaonline.com.br\/index.php\/wp-json\/wp\/v2\/posts\/3565\/revisions"}],"predecessor-version":[{"id":3567,"href":"https:\/\/cidadebaixaonline.com.br\/index.php\/wp-json\/wp\/v2\/posts\/3565\/revisions\/3567"}],"wp:featuredmedia":[{"embeddable":true,"href":"https:\/\/cidadebaixaonline.com.br\/index.php\/wp-json\/wp\/v2\/media\/3566"}],"wp:attachment":[{"href":"https:\/\/cidadebaixaonline.com.br\/index.php\/wp-json\/wp\/v2\/media?parent=3565"}],"wp:term":[{"taxonomy":"category","embeddable":true,"href":"https:\/\/cidadebaixaonline.com.br\/index.php\/wp-json\/wp\/v2\/categories?post=3565"},{"taxonomy":"post_tag","embeddable":true,"href":"https:\/\/cidadebaixaonline.com.br\/index.php\/wp-json\/wp\/v2\/tags?post=3565"}],"curies":[{"name":"wp","href":"https:\/\/api.w.org\/{rel}","templated":true}]}}