{"id":3562,"date":"2023-08-29T14:32:46","date_gmt":"2023-08-29T17:32:46","guid":{"rendered":"https:\/\/cidadebaixaonline.com.br\/?p=3562"},"modified":"2023-08-29T14:32:48","modified_gmt":"2023-08-29T17:32:48","slug":"nem-genero-nem-raca-lula-deve-considerar-fator-nordeste-para-proxima-indicacao-do-stf","status":"publish","type":"post","link":"https:\/\/cidadebaixaonline.com.br\/index.php\/2023\/08\/29\/nem-genero-nem-raca-lula-deve-considerar-fator-nordeste-para-proxima-indicacao-do-stf\/","title":{"rendered":"Nem g\u00eanero nem ra\u00e7a, Lula deve considerar \u201cfator Nordeste\u201d para pr\u00f3xima indica\u00e7\u00e3o do STF"},"content":{"rendered":"\n<p>Com a\u00a0lista de favoritos reduzida a dois nomes, o presidente Luiz In\u00e1cio Lula da Silva (PT), dever\u00e1 justificar a sua escolha para a pr\u00f3xima vaga no Supremo Tribunal Federal (STF) com base no \u201cfator Nordeste\u201d. Conforme informa\u00e7\u00f5es do\u00a0Metr\u00f3poles, o petista n\u00e3o est\u00e1 levando em considera\u00e7\u00e3o nem ra\u00e7a nem g\u00eanero.\u00a0<\/p>\n\n\n\n<p>Os dois nomes mais cotados at\u00e9 o momento para a Corte s\u00e3o nordestinos: o presidente do Tribunal de Contas da Uni\u00e3o, Bruno Dantas, da Bahia; e o advogado-geral da Uni\u00e3o, Jorge Messias, de Pernambuco. Um dos dois sentar\u00e1 na cadeira que atualmente \u00e9 ocupada pela ministra Rosa Weber, que deixar\u00e1 o STF no final de setembro.&nbsp;<\/p>\n\n\n\n<p>De acordo com a publica\u00e7\u00e3o, Lula j\u00e1 tem uma resposta pronta a quem critic\u00e1-lo por n\u00e3o indicar uma mulher: o Nordeste tem apenas um representante no STF, o piauiense K\u00e1ssio Nunes Marques. Curiosamente, colocado na Corte pelas m\u00e3os do ex-presidente Jair Bolsonaro (PL).<\/p>\n\n\n\n<p>Informa\u00e7\u00f5es obtidas pelo site apontam que Lula enaltecer\u00e1 a trajet\u00f3ria de Dantas ou Messias e alegar\u00e1 que, com a indica\u00e7\u00e3o, aumenta a representatividade da maior regi\u00e3o do pa\u00eds no Supremo.<\/p>\n\n\n\n<p>Nos bastidores, contudo, o fator preponderante para a escolha \u00e9 a confian\u00e7a de Lula em ambos os nomes. Segundo a publica\u00e7\u00e3o, nenhuma das mulheres cotadas passou ao presidente, at\u00e9 o momento, o que Dantas e Messias conseguiram passar. <\/p>\n\n\n\n<p>Fonte: Bahia Not\u00edcias <\/p>\n","protected":false},"excerpt":{"rendered":"<p>Com a\u00a0lista de favoritos reduzida a dois nomes, o presidente Luiz In\u00e1cio Lula da Silva (PT), dever\u00e1 justificar a sua escolha para a pr\u00f3xima vaga no Supremo Tribunal Federal (STF) com base no \u201cfator Nordeste\u201d. Conforme informa\u00e7\u00f5es do\u00a0Metr\u00f3poles, o petista n\u00e3o est\u00e1 levando em considera\u00e7\u00e3o nem ra\u00e7a nem g\u00eanero.\u00a0 Os dois nomes mais cotados at\u00e9 [&hellip;]<\/p>\n","protected":false},"author":2,"featured_media":3563,"comment_status":"open","ping_status":"open","sticky":false,"template":"","format":"standard","meta":{"jnews-multi-image_gallery":[],"jnews_single_post":{"subtitle":"","format":"standard","video":"","gallery":"","source_name":"","source_url":"","via_name":"","via_url":"","override_template":"0","override":[{"template":"1","single_blog_custom":"","parallax":"1","fullscreen":"1","layout":"right-sidebar","sidebar":"default-sidebar","second_sidebar":"default-sidebar","sticky_sidebar":"1","share_position":"top","share_float_style":"share-monocrhome","show_share_counter":"0","show_view_counter":"0","show_featured":"1","show_post_meta":"1","show_post_author":"0","show_post_author_image":"1","show_post_date":"1","post_date_format":"default","post_date_format_custom":"Y\/m\/d","show_post_category":"1","show_post_reading_time":"0","post_reading_time_wpm":"300","show_zoom_button":"0","zoom_button_out_step":"2","zoom_button_in_step":"3","show_post_tag":"1","show_prev_next_post":"1","show_popup_post":"1","number_popup_post":"1","show_author_box":"0","show_post_related":"0","show_inline_post_related":"0"}],"override_image_size":"0","image_override":[{"single_post_thumbnail_size":"no-crop","single_post_gallery_size":"crop-715"}],"trending_post":"0","trending_post_position":"meta","trending_post_label":"Trending","sponsored_post":"0","sponsored_post_label":"Sponsored by","sponsored_post_name":"","sponsored_post_url":"","sponsored_post_logo_enable":"0","sponsored_post_logo":"","sponsored_post_desc":"","disable_ad":"0"},"jnews_primary_category":{"id":"","hide":""},"footnotes":""},"categories":[91],"tags":[],"class_list":["post-3562","post","type-post","status-publish","format-standard","has-post-thumbnail","hentry","category-politica"],"_links":{"self":[{"href":"https:\/\/cidadebaixaonline.com.br\/index.php\/wp-json\/wp\/v2\/posts\/3562","targetHints":{"allow":["GET"]}}],"collection":[{"href":"https:\/\/cidadebaixaonline.com.br\/index.php\/wp-json\/wp\/v2\/posts"}],"about":[{"href":"https:\/\/cidadebaixaonline.com.br\/index.php\/wp-json\/wp\/v2\/types\/post"}],"author":[{"embeddable":true,"href":"https:\/\/cidadebaixaonline.com.br\/index.php\/wp-json\/wp\/v2\/users\/2"}],"replies":[{"embeddable":true,"href":"https:\/\/cidadebaixaonline.com.br\/index.php\/wp-json\/wp\/v2\/comments?post=3562"}],"version-history":[{"count":1,"href":"https:\/\/cidadebaixaonline.com.br\/index.php\/wp-json\/wp\/v2\/posts\/3562\/revisions"}],"predecessor-version":[{"id":3564,"href":"https:\/\/cidadebaixaonline.com.br\/index.php\/wp-json\/wp\/v2\/posts\/3562\/revisions\/3564"}],"wp:featuredmedia":[{"embeddable":true,"href":"https:\/\/cidadebaixaonline.com.br\/index.php\/wp-json\/wp\/v2\/media\/3563"}],"wp:attachment":[{"href":"https:\/\/cidadebaixaonline.com.br\/index.php\/wp-json\/wp\/v2\/media?parent=3562"}],"wp:term":[{"taxonomy":"category","embeddable":true,"href":"https:\/\/cidadebaixaonline.com.br\/index.php\/wp-json\/wp\/v2\/categories?post=3562"},{"taxonomy":"post_tag","embeddable":true,"href":"https:\/\/cidadebaixaonline.com.br\/index.php\/wp-json\/wp\/v2\/tags?post=3562"}],"curies":[{"name":"wp","href":"https:\/\/api.w.org\/{rel}","templated":true}]}}