{"id":3555,"date":"2023-08-29T11:23:46","date_gmt":"2023-08-29T14:23:46","guid":{"rendered":"https:\/\/cidadebaixaonline.com.br\/?p=3555"},"modified":"2023-08-29T11:23:49","modified_gmt":"2023-08-29T14:23:49","slug":"chacina-de-mata-de-sao-joao-foi-motivada-por-guerra-do-trafico","status":"publish","type":"post","link":"https:\/\/cidadebaixaonline.com.br\/index.php\/2023\/08\/29\/chacina-de-mata-de-sao-joao-foi-motivada-por-guerra-do-trafico\/","title":{"rendered":"Chacina de Mata de S\u00e3o Jo\u00e3o foi motivada por &#8220;Guerra do Tr\u00e1fico&#8221;"},"content":{"rendered":"\n<p>As\u00a0nove pessoas executadas na manh\u00e3 desta segunda-feira, 28,\u00a0em Mata de S\u00e3o Jo\u00e3o, na Regi\u00e3o Metropolitana de Salvador, seriam v\u00edtimas da &#8220;Guerra do Tr\u00e1fico&#8221;. Segundo as informa\u00e7\u00f5es obtidas no local pela reportagem do\u00a0Portal A TARDE, a suspeita da Pol\u00edcia Civil \u00e9 de que o ataque tenha sido promovido pela fac\u00e7\u00e3o criminosa denominada Bonde do Maluco (BDM) e que o alvo seria um homem identificado apenas pelo apelido de &#8220;Pre\u00e1&#8221;, suposto integrante de uma organiza\u00e7\u00e3o criminosa rival.\u00a0<\/p>\n\n\n\n<p>As v\u00edtimas, ainda n\u00e3o identificadas, foram mortas dentro de dois im\u00f3veis localizados no N\u00facleo Colonial JK, Zona Rural da cidade. Ao todo, foram nove pessoas mortas, sendo dois homens, quatro mulheres e tr\u00eas crian\u00e7as, duas delas com&nbsp;S\u00edndrome de Down. Al\u00e9m destas, uma outra crian\u00e7a de 12 anos foi socorrida pelo Servi\u00e7o de Atendimento M\u00f3vel de Urg\u00eancia e est\u00e1 internada na Unidade de Tratamento Intensivo (UTI) do Hospital Geral do Estado (HGE). O menino apresenta queimaduras graves. Ao menos, cinco v\u00edtimas seriam da mesma fam\u00edlia.&nbsp;<\/p>\n\n\n\n<p>O medo e terror tomou conta do local. Na rua onde o crime foi cometido, o sil\u00eancio grita mais alto. A reportagem tentou por diversas vezes conversar com moradores da localidade, mas, com medo de repres\u00e1lia, ningu\u00e9m quis conversa.<\/p>\n\n\n\n<p><strong>Chacina<\/strong><\/p>\n\n\n\n<p>Conforme um dos investigadores da Pol\u00edcia Civil, que estava no local, os suspeitos chegaram na localidade e invadiram a resid\u00eancia em que &#8216;Pre\u00e1&#8217; estaria, executando todos os adultos presentes (dois homens e duas mulheres) no local com disparos de arma de fogo. Em seguida, eles atearam fogo na resid\u00eancia com todos que estavam dentro, incluindo quatro crian\u00e7as, sendo duas com S\u00edndrome de Down.<\/p>\n\n\n\n<p>Uma delas chegou a ser socorrida e transferida ao Hospital Geral do Estado (HGE), em Salvador, com cerca de 55% do corpo queimado. Um outro beb\u00ea, de dois anos, foi poupado pelos executores e retirado do local do crime. Populares teriam ficado com a crian\u00e7a, que depois foi entregue ao pai.<\/p>\n\n\n\n<p>Por conta da a\u00e7\u00e3o, duas mulheres que estavam na casa ao lado acordaram assustadas com os disparos e, ao sair para averiguar, deram de cara com os suspeitos. Elas tentaram correr para dentro da casa, mas foram executadas com tiros por tr\u00e1s.\u00a0<\/p>\n\n\n\n<p>O caso est\u00e1 sendo investigado pela Delegacia Territorial de Mata de S\u00e3o Jo\u00e3o.\u00a0Conforme a PC, somente os laudos do Departamento de Pol\u00edcia T\u00e9cnica (DPT) poder\u00e3o identificar os corpos.<\/p>\n\n\n\n<p>Fonte: ATarde <\/p>\n","protected":false},"excerpt":{"rendered":"<p>As\u00a0nove pessoas executadas na manh\u00e3 desta segunda-feira, 28,\u00a0em Mata de S\u00e3o Jo\u00e3o, na Regi\u00e3o Metropolitana de Salvador, seriam v\u00edtimas da &#8220;Guerra do Tr\u00e1fico&#8221;. Segundo as informa\u00e7\u00f5es obtidas no local pela reportagem do\u00a0Portal A TARDE, a suspeita da Pol\u00edcia Civil \u00e9 de que o ataque tenha sido promovido pela fac\u00e7\u00e3o criminosa denominada Bonde do Maluco (BDM) [&hellip;]<\/p>\n","protected":false},"author":2,"featured_media":3556,"comment_status":"open","ping_status":"open","sticky":false,"template":"","format":"standard","meta":{"jnews-multi-image_gallery":[],"jnews_single_post":{"subtitle":"","format":"standard","video":"","gallery":"","source_name":"","source_url":"","via_name":"","via_url":"","override_template":"0","override":[{"template":"1","single_blog_custom":"","parallax":"1","fullscreen":"1","layout":"right-sidebar","sidebar":"default-sidebar","second_sidebar":"default-sidebar","sticky_sidebar":"1","share_position":"top","share_float_style":"share-monocrhome","show_share_counter":"0","show_view_counter":"0","show_featured":"1","show_post_meta":"1","show_post_author":"0","show_post_author_image":"1","show_post_date":"1","post_date_format":"default","post_date_format_custom":"Y\/m\/d","show_post_category":"1","show_post_reading_time":"0","post_reading_time_wpm":"300","show_zoom_button":"0","zoom_button_out_step":"2","zoom_button_in_step":"3","show_post_tag":"1","show_prev_next_post":"1","show_popup_post":"1","number_popup_post":"1","show_author_box":"0","show_post_related":"0","show_inline_post_related":"0"}],"override_image_size":"0","image_override":[{"single_post_thumbnail_size":"no-crop","single_post_gallery_size":"crop-715"}],"trending_post":"0","trending_post_position":"meta","trending_post_label":"Trending","sponsored_post":"0","sponsored_post_label":"Sponsored by","sponsored_post_name":"","sponsored_post_url":"","sponsored_post_logo_enable":"0","sponsored_post_logo":"","sponsored_post_desc":"","disable_ad":"0"},"jnews_primary_category":{"id":"","hide":""},"footnotes":""},"categories":[105],"tags":[],"class_list":["post-3555","post","type-post","status-publish","format-standard","has-post-thumbnail","hentry","category-policia"],"_links":{"self":[{"href":"https:\/\/cidadebaixaonline.com.br\/index.php\/wp-json\/wp\/v2\/posts\/3555","targetHints":{"allow":["GET"]}}],"collection":[{"href":"https:\/\/cidadebaixaonline.com.br\/index.php\/wp-json\/wp\/v2\/posts"}],"about":[{"href":"https:\/\/cidadebaixaonline.com.br\/index.php\/wp-json\/wp\/v2\/types\/post"}],"author":[{"embeddable":true,"href":"https:\/\/cidadebaixaonline.com.br\/index.php\/wp-json\/wp\/v2\/users\/2"}],"replies":[{"embeddable":true,"href":"https:\/\/cidadebaixaonline.com.br\/index.php\/wp-json\/wp\/v2\/comments?post=3555"}],"version-history":[{"count":1,"href":"https:\/\/cidadebaixaonline.com.br\/index.php\/wp-json\/wp\/v2\/posts\/3555\/revisions"}],"predecessor-version":[{"id":3557,"href":"https:\/\/cidadebaixaonline.com.br\/index.php\/wp-json\/wp\/v2\/posts\/3555\/revisions\/3557"}],"wp:featuredmedia":[{"embeddable":true,"href":"https:\/\/cidadebaixaonline.com.br\/index.php\/wp-json\/wp\/v2\/media\/3556"}],"wp:attachment":[{"href":"https:\/\/cidadebaixaonline.com.br\/index.php\/wp-json\/wp\/v2\/media?parent=3555"}],"wp:term":[{"taxonomy":"category","embeddable":true,"href":"https:\/\/cidadebaixaonline.com.br\/index.php\/wp-json\/wp\/v2\/categories?post=3555"},{"taxonomy":"post_tag","embeddable":true,"href":"https:\/\/cidadebaixaonline.com.br\/index.php\/wp-json\/wp\/v2\/tags?post=3555"}],"curies":[{"name":"wp","href":"https:\/\/api.w.org\/{rel}","templated":true}]}}