{"id":3552,"date":"2023-08-29T11:11:56","date_gmt":"2023-08-29T14:11:56","guid":{"rendered":"https:\/\/cidadebaixaonline.com.br\/?p=3552"},"modified":"2023-08-29T11:11:58","modified_gmt":"2023-08-29T14:11:58","slug":"arthur-maia-recua-e-afirma-que-jornalistas-nao-serao-responsabilizados-por-vazamento-de-informacoes-na-cpmi","status":"publish","type":"post","link":"https:\/\/cidadebaixaonline.com.br\/index.php\/2023\/08\/29\/arthur-maia-recua-e-afirma-que-jornalistas-nao-serao-responsabilizados-por-vazamento-de-informacoes-na-cpmi\/","title":{"rendered":"Arthur Maia recua e afirma que jornalistas n\u00e3o ser\u00e3o responsabilizados por vazamento de informa\u00e7\u00f5es na CPMI"},"content":{"rendered":"\n<p>O presidente da CPMI do 8 de janeiro, deputado Arthur Maia (Uni\u00e3o-BA), no in\u00edcio da reuni\u00e3o desta ter\u00e7a-feira (29), fez esclarecimentos sobre a medida tomada para regulamentar o trabalho da imprensa na comiss\u00e3o. O deputado cancelou a credencial do rep\u00f3rter fotogr\u00e1fico Lula Marques, da EBC, ap\u00f3s a divulga\u00e7\u00e3o de uma imagem de conversa no WhatsApp do senador Jorge Seif (PL-SC), na \u00faltima reuni\u00e3o da CPMI.\u00a0<\/p>\n\n\n\n<p>Por conta da reclama\u00e7\u00e3o feita pelo senador de ter tido imagem de sua conversa divulgada em rede social, Maia impediu o acesso do fot\u00f3grafo \u00e0 sala da comiss\u00e3o e imp\u00f4s novas normas \u00e0 atua\u00e7\u00e3o dos profissionais de imprensa durante as reuni\u00f5es. Entretanto, o presidente da CPMI recuou na inten\u00e7\u00e3o de tomar medidas contra jornalistas que vazassem informa\u00e7\u00f5es confidenciais de documentos internos da comiss\u00e3o. Arthur Maia destacou que n\u00e3o \u00e9 responsabilidade da imprensa o vazamento de informa\u00e7\u00f5es internas. \u00a0<\/p>\n\n\n\n<p>\u201cPenso que esse trecho da regulamenta\u00e7\u00e3o elaborada pela Advocacia do Senado extrapola a nossa condi\u00e7\u00e3o, porque muitas vezes a imprensa publica documentos sob sigilo e eles ganham publicidade e n\u00e3o se sabe a origem. Mas n\u00e3o posso responsabilizar os jornalistas pela exposi\u00e7\u00e3o. Ent\u00e3o estamos excluindo esse trecho do novo regulamento, para que a gente possa tratar dessa quest\u00e3o com a m\u00e1xima justi\u00e7a poss\u00edvel\u201d, disse Arthur Maia.\u00a0<\/p>\n\n\n\n<p>Um outro recuo feito pelo presidente da CPMI se deu ap\u00f3s pedido feito pelo deputado Paulo Magalh\u00e3es (PSD-BA), de reconsidera\u00e7\u00e3o da posi\u00e7\u00e3o tomada em rela\u00e7\u00e3o ao fot\u00f3grafo Lula Marques. Paulo Magalh\u00e3es elogiou o \u201ccomportamento irretoc\u00e1vel\u201d de Arthur Maia na CPMI, mas disse que a decis\u00e3o em rela\u00e7\u00e3o ao fot\u00f3grafo extrapolaria seus poderes de presidente.<\/p>\n\n\n\n<p>Diante do pedido feito por Magalh\u00e3es e outros parlamentares, Arthur Maia afirmou que ir\u00e1 reconsiderar a proibi\u00e7\u00e3o de acesso ao fot\u00f3grafo Lula Marques, caso ele se retrate e n\u00e3o fa\u00e7a novamente fotos de conversas privadas.\u00a0<\/p>\n\n\n\n<p>\u201cQuero estabelecer aqui o meu respeito pela imprensa, respeito pela liberdade de express\u00e3o. Sou comprometido com a democracia, mas n\u00e3o posso admitir que profissionais da imprensa possam avan\u00e7ar sobre a intimidade alheia. Cancelei essa credencial e essa \u00e9 medida que manteremos, em nome do respeito a privacidade, n\u00e3o s\u00f3 dos deputados mas de todos os brasileiros, n\u00e3o \u00e9 admiss\u00edvel que algu\u00e9m possa querer devassar a privacidade de quem quer que seja\u201d, disse o deputado.\u00a0 <\/p>\n\n\n\n<p>Fonte: Bahia Not\u00edcias <\/p>\n","protected":false},"excerpt":{"rendered":"<p>O presidente da CPMI do 8 de janeiro, deputado Arthur Maia (Uni\u00e3o-BA), no in\u00edcio da reuni\u00e3o desta ter\u00e7a-feira (29), fez esclarecimentos sobre a medida tomada para regulamentar o trabalho da imprensa na comiss\u00e3o. O deputado cancelou a credencial do rep\u00f3rter fotogr\u00e1fico Lula Marques, da EBC, ap\u00f3s a divulga\u00e7\u00e3o de uma imagem de conversa no WhatsApp [&hellip;]<\/p>\n","protected":false},"author":2,"featured_media":3553,"comment_status":"open","ping_status":"open","sticky":false,"template":"","format":"standard","meta":{"jnews-multi-image_gallery":[],"jnews_single_post":{"subtitle":"","format":"standard","video":"","gallery":"","source_name":"","source_url":"","via_name":"","via_url":"","override_template":"0","override":[{"template":"1","single_blog_custom":"","parallax":"1","fullscreen":"1","layout":"right-sidebar","sidebar":"default-sidebar","second_sidebar":"default-sidebar","sticky_sidebar":"1","share_position":"top","share_float_style":"share-monocrhome","show_share_counter":"0","show_view_counter":"0","show_featured":"1","show_post_meta":"1","show_post_author":"0","show_post_author_image":"1","show_post_date":"1","post_date_format":"default","post_date_format_custom":"Y\/m\/d","show_post_category":"1","show_post_reading_time":"0","post_reading_time_wpm":"300","show_zoom_button":"0","zoom_button_out_step":"2","zoom_button_in_step":"3","show_post_tag":"1","show_prev_next_post":"1","show_popup_post":"1","number_popup_post":"1","show_author_box":"0","show_post_related":"0","show_inline_post_related":"0"}],"override_image_size":"0","image_override":[{"single_post_thumbnail_size":"no-crop","single_post_gallery_size":"crop-715"}],"trending_post":"0","trending_post_position":"meta","trending_post_label":"Trending","sponsored_post":"0","sponsored_post_label":"Sponsored by","sponsored_post_name":"","sponsored_post_url":"","sponsored_post_logo_enable":"0","sponsored_post_logo":"","sponsored_post_desc":"","disable_ad":"0"},"jnews_primary_category":{"id":"","hide":""},"footnotes":""},"categories":[85],"tags":[],"class_list":["post-3552","post","type-post","status-publish","format-standard","has-post-thumbnail","hentry","category-noticias"],"_links":{"self":[{"href":"https:\/\/cidadebaixaonline.com.br\/index.php\/wp-json\/wp\/v2\/posts\/3552","targetHints":{"allow":["GET"]}}],"collection":[{"href":"https:\/\/cidadebaixaonline.com.br\/index.php\/wp-json\/wp\/v2\/posts"}],"about":[{"href":"https:\/\/cidadebaixaonline.com.br\/index.php\/wp-json\/wp\/v2\/types\/post"}],"author":[{"embeddable":true,"href":"https:\/\/cidadebaixaonline.com.br\/index.php\/wp-json\/wp\/v2\/users\/2"}],"replies":[{"embeddable":true,"href":"https:\/\/cidadebaixaonline.com.br\/index.php\/wp-json\/wp\/v2\/comments?post=3552"}],"version-history":[{"count":1,"href":"https:\/\/cidadebaixaonline.com.br\/index.php\/wp-json\/wp\/v2\/posts\/3552\/revisions"}],"predecessor-version":[{"id":3554,"href":"https:\/\/cidadebaixaonline.com.br\/index.php\/wp-json\/wp\/v2\/posts\/3552\/revisions\/3554"}],"wp:featuredmedia":[{"embeddable":true,"href":"https:\/\/cidadebaixaonline.com.br\/index.php\/wp-json\/wp\/v2\/media\/3553"}],"wp:attachment":[{"href":"https:\/\/cidadebaixaonline.com.br\/index.php\/wp-json\/wp\/v2\/media?parent=3552"}],"wp:term":[{"taxonomy":"category","embeddable":true,"href":"https:\/\/cidadebaixaonline.com.br\/index.php\/wp-json\/wp\/v2\/categories?post=3552"},{"taxonomy":"post_tag","embeddable":true,"href":"https:\/\/cidadebaixaonline.com.br\/index.php\/wp-json\/wp\/v2\/tags?post=3552"}],"curies":[{"name":"wp","href":"https:\/\/api.w.org\/{rel}","templated":true}]}}