{"id":3549,"date":"2023-08-29T10:53:22","date_gmt":"2023-08-29T13:53:22","guid":{"rendered":"https:\/\/cidadebaixaonline.com.br\/?p=3549"},"modified":"2023-08-29T10:53:24","modified_gmt":"2023-08-29T13:53:24","slug":"bahia-ganha-destaque-nacional-devido-ao-alto-indice-de-violencia","status":"publish","type":"post","link":"https:\/\/cidadebaixaonline.com.br\/index.php\/2023\/08\/29\/bahia-ganha-destaque-nacional-devido-ao-alto-indice-de-violencia\/","title":{"rendered":"Bahia ganha destaque nacional devido ao alto \u00edndice de viol\u00eancia"},"content":{"rendered":"\n<p>Nos \u00faltimos meses, a Bahia passou a lidar com uma explos\u00e3o dos casos de viol\u00eancia em grande parte do estado. Diante dos n\u00fameros, os epis\u00f3dios t\u00eam ganhado repercuss\u00e3o di\u00e1ria na imprensa nacional.<\/p>\n\n\n\n<p>Sob o t\u00edtulo de estado mais violento &nbsp;do pa\u00eds, &nbsp;de acordo com os dados levantados em 2022 pelo F\u00f3rum Brasileiro de Seguran\u00e7a P\u00fablica, a Bahia \u00e9 l\u00edder em mortes provocadas por interven\u00e7\u00e3o policial e acumula diversos casos de homic\u00eddios cujas investiga\u00e7\u00f5es ainda n\u00e3o tiveram resposta.<\/p>\n\n\n\n<p><strong>Relembre alguns casos de 2023<\/strong><\/p>\n\n\n\n<p><strong>Hyara Flor &#8211;&nbsp;<\/strong>A cigana Hyara Flor, de 14 anos morreu ap\u00f3s ser atingida por um tiro na cidade de Guaratinga, no extremo sul da Bahia, em 7 de julho deste ano. Pertencente a comunidade cigana, a adolescente era casada com um adolescente de 14 anos, que fugiu para o Esp\u00edrito Santo ap\u00f3s o crime.<\/p>\n\n\n\n<p><strong>Mortos ap\u00f3s passeio de jet ski &#8211;&nbsp;&nbsp;<\/strong>Tr\u00eas pessoas morreram e duas ficaram feridas ap\u00f3s serem surpreendidas por atiradores, quando voltavam de um passeio de jet ski, em 29 de julho em Barra de Jacu\u00edpe, na cidade de Cama\u00e7ari, que fica na Regi\u00e3o Metropolitana de Salvador.<\/p>\n\n\n\n<p><strong>Ianca Lorrane &#8211;&nbsp;<\/strong>A influencer conhecida como \u201cIanca Badogueira\u201d, foi morta a tiros no bairro de Periperi, em 18 de agosto em Salvador. A v\u00edtima tinha mais de 70 mil seguidores em uma rede social.<\/p>\n\n\n\n<p><strong>Maquiadora Bruna x:<\/strong>&nbsp; Bruna Ferreira dos Santos, de 19 anos, foi morta a tiros enquanto andava de bicicleta no dia 10 de agosto, em uma rua de Dias D&#8217;\u00c1vila, cidade da Regi\u00e3o Metropolitana de Salvador (RMS).<\/p>\n\n\n\n<p><strong>Ant\u00f4nio Fernando &#8211;<\/strong>&nbsp; Um jovem de 18 anos foi encontrado decapitado ap\u00f3s sair para uma cavalgada em Mata de S\u00e3o Jo\u00e3o, em mar\u00e7o de 2023. &nbsp;Ant\u00f4nio Fernando Matos Souza foi encontrado morto quatro dias ap\u00f3s o desaparecimento.<\/p>\n\n\n\n<p><strong>Servidor p\u00fablico &#8211;&nbsp;<\/strong>&nbsp;Um servidor p\u00fablico foi encontrado esquartejado dentro de um carro na cidade de Mata de S\u00e3o Jo\u00e3o, ele estava desaparecido h\u00e1 dez dias e o corpo foi encontrado ap\u00f3s uma den\u00fancia.&nbsp;At\u00e9 o momento ningu\u00e9m foi preso e nenhum dos dois casos foram solucionados.&nbsp;<\/p>\n\n\n\n<p><strong>M\u00e3e Bernadete &#8211;&nbsp;<\/strong>&nbsp;A ialorix\u00e1 e l\u00edder quilombola conhecida como M\u00e3e Bernadete, foi morta dentro do quilombo Pitanga dos Palmares, em Sim\u00f5es Filho, na noite do dia 17 de agosto. Ela estava na companhia de tr\u00eas netos quando dois homens invadiram a casa e dispararam contra ela.<\/p>\n\n\n\n<p>Chacina em Mata de S\u00e3o Jo\u00e3o &#8211;&nbsp; No dia 28 de agosto, 9 pessoas dentre elas 3 crian\u00e7as foram encontradas mortas e carbonizadas. Duas fam\u00edlias em casas vizinhas foram encontradas mortas no mesmo bairro.&nbsp;As v\u00edtimas ainda n\u00e3o foram identificadas, segundo a Policia Civil.<\/p>\n\n\n\n<p>Na madrugada desta terca-feira (29), um suspeito de participar da chacina foi preso, e outros dois morreram em confronto com investigadores.<\/p>\n\n\n\n<p>Fonte: Varela Net <\/p>\n","protected":false},"excerpt":{"rendered":"<p>Nos \u00faltimos meses, a Bahia passou a lidar com uma explos\u00e3o dos casos de viol\u00eancia em grande parte do estado. Diante dos n\u00fameros, os epis\u00f3dios t\u00eam ganhado repercuss\u00e3o di\u00e1ria na imprensa nacional. Sob o t\u00edtulo de estado mais violento &nbsp;do pa\u00eds, &nbsp;de acordo com os dados levantados em 2022 pelo F\u00f3rum Brasileiro de Seguran\u00e7a P\u00fablica, [&hellip;]<\/p>\n","protected":false},"author":2,"featured_media":3550,"comment_status":"open","ping_status":"open","sticky":false,"template":"","format":"standard","meta":{"jnews-multi-image_gallery":[],"jnews_single_post":{"subtitle":"","format":"standard","video":"","gallery":"","source_name":"","source_url":"","via_name":"","via_url":"","override_template":"0","override":[{"template":"1","single_blog_custom":"","parallax":"1","fullscreen":"1","layout":"right-sidebar","sidebar":"default-sidebar","second_sidebar":"default-sidebar","sticky_sidebar":"1","share_position":"top","share_float_style":"share-monocrhome","show_share_counter":"0","show_view_counter":"0","show_featured":"1","show_post_meta":"1","show_post_author":"0","show_post_author_image":"1","show_post_date":"1","post_date_format":"default","post_date_format_custom":"Y\/m\/d","show_post_category":"1","show_post_reading_time":"0","post_reading_time_wpm":"300","show_zoom_button":"0","zoom_button_out_step":"2","zoom_button_in_step":"3","show_post_tag":"1","show_prev_next_post":"1","show_popup_post":"1","number_popup_post":"1","show_author_box":"0","show_post_related":"0","show_inline_post_related":"0"}],"override_image_size":"0","image_override":[{"single_post_thumbnail_size":"no-crop","single_post_gallery_size":"crop-715"}],"trending_post":"0","trending_post_position":"meta","trending_post_label":"Trending","sponsored_post":"0","sponsored_post_label":"Sponsored by","sponsored_post_name":"","sponsored_post_url":"","sponsored_post_logo_enable":"0","sponsored_post_logo":"","sponsored_post_desc":"","disable_ad":"0"},"jnews_primary_category":{"id":"","hide":""},"footnotes":""},"categories":[105],"tags":[],"class_list":["post-3549","post","type-post","status-publish","format-standard","has-post-thumbnail","hentry","category-policia"],"_links":{"self":[{"href":"https:\/\/cidadebaixaonline.com.br\/index.php\/wp-json\/wp\/v2\/posts\/3549","targetHints":{"allow":["GET"]}}],"collection":[{"href":"https:\/\/cidadebaixaonline.com.br\/index.php\/wp-json\/wp\/v2\/posts"}],"about":[{"href":"https:\/\/cidadebaixaonline.com.br\/index.php\/wp-json\/wp\/v2\/types\/post"}],"author":[{"embeddable":true,"href":"https:\/\/cidadebaixaonline.com.br\/index.php\/wp-json\/wp\/v2\/users\/2"}],"replies":[{"embeddable":true,"href":"https:\/\/cidadebaixaonline.com.br\/index.php\/wp-json\/wp\/v2\/comments?post=3549"}],"version-history":[{"count":1,"href":"https:\/\/cidadebaixaonline.com.br\/index.php\/wp-json\/wp\/v2\/posts\/3549\/revisions"}],"predecessor-version":[{"id":3551,"href":"https:\/\/cidadebaixaonline.com.br\/index.php\/wp-json\/wp\/v2\/posts\/3549\/revisions\/3551"}],"wp:featuredmedia":[{"embeddable":true,"href":"https:\/\/cidadebaixaonline.com.br\/index.php\/wp-json\/wp\/v2\/media\/3550"}],"wp:attachment":[{"href":"https:\/\/cidadebaixaonline.com.br\/index.php\/wp-json\/wp\/v2\/media?parent=3549"}],"wp:term":[{"taxonomy":"category","embeddable":true,"href":"https:\/\/cidadebaixaonline.com.br\/index.php\/wp-json\/wp\/v2\/categories?post=3549"},{"taxonomy":"post_tag","embeddable":true,"href":"https:\/\/cidadebaixaonline.com.br\/index.php\/wp-json\/wp\/v2\/tags?post=3549"}],"curies":[{"name":"wp","href":"https:\/\/api.w.org\/{rel}","templated":true}]}}