{"id":3519,"date":"2023-08-28T14:53:14","date_gmt":"2023-08-28T17:53:14","guid":{"rendered":"https:\/\/cidadebaixaonline.com.br\/?p=3519"},"modified":"2023-08-28T14:53:16","modified_gmt":"2023-08-28T17:53:16","slug":"nunes-marques-libera-para-julgamento-primeiras-acoes-do-8-de-janeiro","status":"publish","type":"post","link":"https:\/\/cidadebaixaonline.com.br\/index.php\/2023\/08\/28\/nunes-marques-libera-para-julgamento-primeiras-acoes-do-8-de-janeiro\/","title":{"rendered":"Nunes Marques libera para julgamento primeiras a\u00e7\u00f5es do 8 de janeiro"},"content":{"rendered":"\n<p>O ministro Nunes Marques, do Supremo Tribunal Federal (STF), liberou hoje (28) para julgamento as primeiras seis a\u00e7\u00f5es penais relacionais aos ataques de 8 de janeiro, quando as sedes do Tr\u00eas Poderes, em Bras\u00edlia, foram invadida e amplamente depredadas.<\/p>\n\n\n\n<p>Marques \u00e9 revisor das a\u00e7\u00f5es penais relacionadas ao epis\u00f3dio. Nessa condi\u00e7\u00e3o, ele realiza uma an\u00e1lise formal dos processos antes que possam ser julgados. Isto \u00e9, ele analisa se todos os procedimentos legais foram conduzidos adequadamente. O relator das a\u00e7\u00f5es \u00e9 o ministro Alexandre de Moraes, a quem cabe conduzir o andamento.<\/p>\n\n\n\n<p>Ap\u00f3s a libera\u00e7\u00e3o por relator e revisor, cabe \u00e0 presidente do Supremo, ministra Rosa Weber, marcar a data de julgamento pelo plen\u00e1rio. Ao todo, 1395 pessoas se tornaram r\u00e9s por envolvimento com os atos golpistas de 8 de janeiro.<\/p>\n\n\n\n<p>Entre as primeiras a\u00e7\u00f5es penais a serem julgadas, est\u00e3o as de indiv\u00edduos que participaram diretamente dos ataques e que s\u00e3o acusados de crimes mais graves: tentativa de golpe de Estado; associa\u00e7\u00e3o criminosa armada; dano qualificado pela viol\u00eancia e grave amea\u00e7a, com emprego de subst\u00e2ncia inflam\u00e1vel, contra o patrim\u00f4nio da Uni\u00e3o e com consider\u00e1vel preju\u00edzo para a v\u00edtima; e deteriora\u00e7\u00e3o do patrim\u00f4nio tombado.<\/p>\n\n\n\n<p>Nesses casos, as penas podem chegar a 30 anos de pris\u00e3o. Ao todo, 250 pessoas foram denunciadas por esses crimes.<\/p>\n\n\n\n<p>Acordos<br>No caso dos demais acusados por crimes menos graves &#8211; como incita\u00e7\u00e3o \u00e0 animosidade das For\u00e7as Armadas e associa\u00e7\u00e3o criminosa -, Moraes autorizou, na semana passada, a Procuradoria-Geral da Rep\u00fablica (PGR) a celebrar acordos de n\u00e3o persecu\u00e7\u00e3o penal.<\/p>\n\n\n\n<p>A medida havia sido solicitada pela procuradoria ao Supremo e conta com apoio da Ordem dos Advogados do Brasil (OAB).<\/p>\n\n\n\n<p>Com a medida, a PGR vai avaliar os casos em que o acordo pode ser concedido. Em seguida, o documento dever\u00e1 ser homologado pelo ministro para ter validade.<\/p>\n\n\n\n<p>Em fun\u00e7\u00e3o da possibilidade de pacto, Moraes determinou a suspens\u00e3o, pelo prazo de 120 dias, das a\u00e7\u00f5es penais abertas contra os eventuais beneficiados. As defesas dos r\u00e9us tamb\u00e9m poder\u00e3o procurar a PGR para formalizar a tentativa o acordo.<\/p>\n\n\n\n<p>Fonte: Varela Net <\/p>\n","protected":false},"excerpt":{"rendered":"<p>O ministro Nunes Marques, do Supremo Tribunal Federal (STF), liberou hoje (28) para julgamento as primeiras seis a\u00e7\u00f5es penais relacionais aos ataques de 8 de janeiro, quando as sedes do Tr\u00eas Poderes, em Bras\u00edlia, foram invadida e amplamente depredadas. Marques \u00e9 revisor das a\u00e7\u00f5es penais relacionadas ao epis\u00f3dio. Nessa condi\u00e7\u00e3o, ele realiza uma an\u00e1lise formal [&hellip;]<\/p>\n","protected":false},"author":2,"featured_media":3520,"comment_status":"open","ping_status":"open","sticky":false,"template":"","format":"standard","meta":{"jnews-multi-image_gallery":[],"jnews_single_post":{"subtitle":"","format":"standard","video":"","gallery":"","source_name":"","source_url":"","via_name":"","via_url":"","override_template":"0","override":[{"template":"1","single_blog_custom":"","parallax":"1","fullscreen":"1","layout":"right-sidebar","sidebar":"default-sidebar","second_sidebar":"default-sidebar","sticky_sidebar":"1","share_position":"top","share_float_style":"share-monocrhome","show_share_counter":"0","show_view_counter":"0","show_featured":"1","show_post_meta":"1","show_post_author":"0","show_post_author_image":"1","show_post_date":"1","post_date_format":"default","post_date_format_custom":"Y\/m\/d","show_post_category":"1","show_post_reading_time":"0","post_reading_time_wpm":"300","show_zoom_button":"0","zoom_button_out_step":"2","zoom_button_in_step":"3","show_post_tag":"1","show_prev_next_post":"1","show_popup_post":"1","number_popup_post":"1","show_author_box":"0","show_post_related":"0","show_inline_post_related":"0"}],"override_image_size":"0","image_override":[{"single_post_thumbnail_size":"no-crop","single_post_gallery_size":"crop-715"}],"trending_post":"0","trending_post_position":"meta","trending_post_label":"Trending","sponsored_post":"0","sponsored_post_label":"Sponsored by","sponsored_post_name":"","sponsored_post_url":"","sponsored_post_logo_enable":"0","sponsored_post_logo":"","sponsored_post_desc":"","disable_ad":"0"},"jnews_primary_category":{"id":"","hide":""},"footnotes":""},"categories":[85],"tags":[],"class_list":["post-3519","post","type-post","status-publish","format-standard","has-post-thumbnail","hentry","category-noticias"],"_links":{"self":[{"href":"https:\/\/cidadebaixaonline.com.br\/index.php\/wp-json\/wp\/v2\/posts\/3519","targetHints":{"allow":["GET"]}}],"collection":[{"href":"https:\/\/cidadebaixaonline.com.br\/index.php\/wp-json\/wp\/v2\/posts"}],"about":[{"href":"https:\/\/cidadebaixaonline.com.br\/index.php\/wp-json\/wp\/v2\/types\/post"}],"author":[{"embeddable":true,"href":"https:\/\/cidadebaixaonline.com.br\/index.php\/wp-json\/wp\/v2\/users\/2"}],"replies":[{"embeddable":true,"href":"https:\/\/cidadebaixaonline.com.br\/index.php\/wp-json\/wp\/v2\/comments?post=3519"}],"version-history":[{"count":1,"href":"https:\/\/cidadebaixaonline.com.br\/index.php\/wp-json\/wp\/v2\/posts\/3519\/revisions"}],"predecessor-version":[{"id":3521,"href":"https:\/\/cidadebaixaonline.com.br\/index.php\/wp-json\/wp\/v2\/posts\/3519\/revisions\/3521"}],"wp:featuredmedia":[{"embeddable":true,"href":"https:\/\/cidadebaixaonline.com.br\/index.php\/wp-json\/wp\/v2\/media\/3520"}],"wp:attachment":[{"href":"https:\/\/cidadebaixaonline.com.br\/index.php\/wp-json\/wp\/v2\/media?parent=3519"}],"wp:term":[{"taxonomy":"category","embeddable":true,"href":"https:\/\/cidadebaixaonline.com.br\/index.php\/wp-json\/wp\/v2\/categories?post=3519"},{"taxonomy":"post_tag","embeddable":true,"href":"https:\/\/cidadebaixaonline.com.br\/index.php\/wp-json\/wp\/v2\/tags?post=3519"}],"curies":[{"name":"wp","href":"https:\/\/api.w.org\/{rel}","templated":true}]}}