{"id":3512,"date":"2023-08-28T11:39:51","date_gmt":"2023-08-28T14:39:51","guid":{"rendered":"https:\/\/cidadebaixaonline.com.br\/?p=3512"},"modified":"2023-08-28T11:39:54","modified_gmt":"2023-08-28T14:39:54","slug":"concurso-publico-da-camara-dos-deputados-abre-inscricoes-nesta-segunda-feira","status":"publish","type":"post","link":"https:\/\/cidadebaixaonline.com.br\/index.php\/2023\/08\/28\/concurso-publico-da-camara-dos-deputados-abre-inscricoes-nesta-segunda-feira\/","title":{"rendered":"Concurso p\u00fablico da C\u00e2mara dos Deputados abre inscri\u00e7\u00f5es nesta segunda-feira"},"content":{"rendered":"\n<p>As inscri\u00e7\u00f5es para o concurso p\u00fablico da C\u00e2mara dos Deputados se iniciam nesta segunda-feira (28). Ao todo s\u00e3o 140 vagas imediatas, al\u00e9m do cadastro de reserva. Os sal\u00e1rios v\u00e3o de R$ 26,1 mil a R$ 34,8 mil, a depender do cargo.&nbsp;<\/p>\n\n\n\n<p>Os candidatos podem realizar inscri\u00e7\u00e3o\u00a0at\u00e9 o dia 4 de outubro, atrav\u00e9s do\u00a0site da Funda\u00e7\u00e3o Get\u00falio Vargas. As taxas para a inscri\u00e7\u00e3o no concurso custam entre R$ 95 e R$ 120. O pagamento poder\u00e1 ser feito at\u00e9 o dia 5 de outubro.<\/p>\n\n\n\n<p>Poder\u00e3o pedir isen\u00e7\u00e3o total do valor da taxa de inscri\u00e7\u00e3o os candidatos com cadastro atualizado no Cadastro \u00danico (Cad\u00danico) ou que sejam doadores de medula \u00f3ssea reconhecidos pelo Minist\u00e9rio da Sa\u00fade. Os pedidos ser\u00e3o aceitos at\u00e9 as 16h da pr\u00f3xima quarta-feira (30).&nbsp;<\/p>\n\n\n\n<p>Apesar das vagas serem destinadas para trabalhar em Bras\u00edlia, as provas acontecem em todas as capitais do Brasil. O prazo de validade do concurso ser\u00e1 de dois anos, contados da data da publica\u00e7\u00e3o do resultado, podendo ser prorrogado uma \u00fanica vez, por igual per\u00edodo.<\/p>\n\n\n\n<p>Conforme previsto nos quatro editais do concurso, as provas ser\u00e3o realizadas nos dias 3 e 10 de dezembro. Todos os cargos contam com provas objetivas e discursivas, por\u00e9m outras etapas poder\u00e3o ser aplicadas conforme a especialidade escolhida.<\/p>\n\n\n\n<p>Fonte: Bahia Not\u00edcias <\/p>\n","protected":false},"excerpt":{"rendered":"<p>As inscri\u00e7\u00f5es para o concurso p\u00fablico da C\u00e2mara dos Deputados se iniciam nesta segunda-feira (28). Ao todo s\u00e3o 140 vagas imediatas, al\u00e9m do cadastro de reserva. Os sal\u00e1rios v\u00e3o de R$ 26,1 mil a R$ 34,8 mil, a depender do cargo.&nbsp; Os candidatos podem realizar inscri\u00e7\u00e3o\u00a0at\u00e9 o dia 4 de outubro, atrav\u00e9s do\u00a0site da Funda\u00e7\u00e3o [&hellip;]<\/p>\n","protected":false},"author":2,"featured_media":3513,"comment_status":"open","ping_status":"open","sticky":false,"template":"","format":"standard","meta":{"jnews-multi-image_gallery":[],"jnews_single_post":{"subtitle":"","format":"standard","video":"","gallery":"","source_name":"","source_url":"","via_name":"","via_url":"","override_template":"0","override":[{"template":"1","single_blog_custom":"","parallax":"1","fullscreen":"1","layout":"right-sidebar","sidebar":"default-sidebar","second_sidebar":"default-sidebar","sticky_sidebar":"1","share_position":"top","share_float_style":"share-monocrhome","show_share_counter":"0","show_view_counter":"0","show_featured":"1","show_post_meta":"1","show_post_author":"0","show_post_author_image":"1","show_post_date":"1","post_date_format":"default","post_date_format_custom":"Y\/m\/d","show_post_category":"1","show_post_reading_time":"0","post_reading_time_wpm":"300","show_zoom_button":"0","zoom_button_out_step":"2","zoom_button_in_step":"3","show_post_tag":"1","show_prev_next_post":"1","show_popup_post":"1","number_popup_post":"1","show_author_box":"0","show_post_related":"0","show_inline_post_related":"0"}],"override_image_size":"0","image_override":[{"single_post_thumbnail_size":"no-crop","single_post_gallery_size":"crop-715"}],"trending_post":"0","trending_post_position":"meta","trending_post_label":"Trending","sponsored_post":"0","sponsored_post_label":"Sponsored by","sponsored_post_name":"","sponsored_post_url":"","sponsored_post_logo_enable":"0","sponsored_post_logo":"","sponsored_post_desc":"","disable_ad":"0"},"jnews_primary_category":{"id":"","hide":""},"footnotes":""},"categories":[91],"tags":[],"class_list":["post-3512","post","type-post","status-publish","format-standard","has-post-thumbnail","hentry","category-politica"],"_links":{"self":[{"href":"https:\/\/cidadebaixaonline.com.br\/index.php\/wp-json\/wp\/v2\/posts\/3512","targetHints":{"allow":["GET"]}}],"collection":[{"href":"https:\/\/cidadebaixaonline.com.br\/index.php\/wp-json\/wp\/v2\/posts"}],"about":[{"href":"https:\/\/cidadebaixaonline.com.br\/index.php\/wp-json\/wp\/v2\/types\/post"}],"author":[{"embeddable":true,"href":"https:\/\/cidadebaixaonline.com.br\/index.php\/wp-json\/wp\/v2\/users\/2"}],"replies":[{"embeddable":true,"href":"https:\/\/cidadebaixaonline.com.br\/index.php\/wp-json\/wp\/v2\/comments?post=3512"}],"version-history":[{"count":1,"href":"https:\/\/cidadebaixaonline.com.br\/index.php\/wp-json\/wp\/v2\/posts\/3512\/revisions"}],"predecessor-version":[{"id":3514,"href":"https:\/\/cidadebaixaonline.com.br\/index.php\/wp-json\/wp\/v2\/posts\/3512\/revisions\/3514"}],"wp:featuredmedia":[{"embeddable":true,"href":"https:\/\/cidadebaixaonline.com.br\/index.php\/wp-json\/wp\/v2\/media\/3513"}],"wp:attachment":[{"href":"https:\/\/cidadebaixaonline.com.br\/index.php\/wp-json\/wp\/v2\/media?parent=3512"}],"wp:term":[{"taxonomy":"category","embeddable":true,"href":"https:\/\/cidadebaixaonline.com.br\/index.php\/wp-json\/wp\/v2\/categories?post=3512"},{"taxonomy":"post_tag","embeddable":true,"href":"https:\/\/cidadebaixaonline.com.br\/index.php\/wp-json\/wp\/v2\/tags?post=3512"}],"curies":[{"name":"wp","href":"https:\/\/api.w.org\/{rel}","templated":true}]}}