{"id":3481,"date":"2023-08-25T13:16:30","date_gmt":"2023-08-25T16:16:30","guid":{"rendered":"https:\/\/cidadebaixaonline.com.br\/?p=3481"},"modified":"2023-08-25T13:16:31","modified_gmt":"2023-08-25T16:16:31","slug":"motociclista-morre-e-garupa-fica-ferido-apos-veiculo-derrapar-e-colidir-com-caminhao-no-sul-baiano","status":"publish","type":"post","link":"https:\/\/cidadebaixaonline.com.br\/index.php\/2023\/08\/25\/motociclista-morre-e-garupa-fica-ferido-apos-veiculo-derrapar-e-colidir-com-caminhao-no-sul-baiano\/","title":{"rendered":"Motociclista morre e garupa fica ferido ap\u00f3s ve\u00edculo derrapar e colidir com caminh\u00e3o no Sul baiano"},"content":{"rendered":"\n<p>Um homem morreu e outro ficou ferido ap\u00f3s um acidente com uma motocicleta em Itabuna, no Sul. Segundo o G1, a v\u00edtima foi identificada como Vanderley Guimar\u00e3es da Silva, de 39 anos. O fato ocorreu nesta quinta-feira (24) em um trecho da BR-415.<\/p>\n\n\n\n<p>Conforme a Secretaria de Transportes e Tr\u00e2nsito (Settran) de Itabuna, Vanderlei conduzia a motocicleta quando o ve\u00edculo derrapou e houve a batida com um caminh\u00e3o. O homem que estava na garupa do ve\u00edculo, que n\u00e3o teve a identidade revelada, foi encaminhado pelo Samu para um hospital da cidade.<\/p>\n\n\n\n<p>N\u00e3o h\u00e1 detalhes sobre o estado de sa\u00fade dele. J\u00e1 o motorista do caminh\u00e3o n\u00e3o sofreu ferimentos. A Pol\u00edcia Rodovi\u00e1ria Federal (PRF) informou que o corpo de Vanderley Guimar\u00e3es foi encaminhado para o Departamento de Pol\u00edcia T\u00e9cnica (DPT) de Itabuna.<\/p>\n\n\n\n<p><\/p>\n","protected":false},"excerpt":{"rendered":"<p>Um homem morreu e outro ficou ferido ap\u00f3s um acidente com uma motocicleta em Itabuna, no Sul. Segundo o G1, a v\u00edtima foi identificada como Vanderley Guimar\u00e3es da Silva, de 39 anos. O fato ocorreu nesta quinta-feira (24) em um trecho da BR-415. Conforme a Secretaria de Transportes e Tr\u00e2nsito (Settran) de Itabuna, Vanderlei conduzia [&hellip;]<\/p>\n","protected":false},"author":2,"featured_media":3482,"comment_status":"open","ping_status":"open","sticky":false,"template":"","format":"standard","meta":{"jnews-multi-image_gallery":[],"jnews_single_post":{"subtitle":"","format":"standard","video":"","gallery":"","source_name":"","source_url":"","via_name":"","via_url":"","override_template":"0","override":[{"template":"1","single_blog_custom":"","parallax":"1","fullscreen":"1","layout":"right-sidebar","sidebar":"default-sidebar","second_sidebar":"default-sidebar","sticky_sidebar":"1","share_position":"top","share_float_style":"share-monocrhome","show_share_counter":"0","show_view_counter":"0","show_featured":"1","show_post_meta":"1","show_post_author":"0","show_post_author_image":"1","show_post_date":"1","post_date_format":"default","post_date_format_custom":"Y\/m\/d","show_post_category":"1","show_post_reading_time":"0","post_reading_time_wpm":"300","show_zoom_button":"0","zoom_button_out_step":"2","zoom_button_in_step":"3","show_post_tag":"1","show_prev_next_post":"1","show_popup_post":"1","number_popup_post":"1","show_author_box":"0","show_post_related":"0","show_inline_post_related":"0"}],"override_image_size":"0","image_override":[{"single_post_thumbnail_size":"no-crop","single_post_gallery_size":"crop-715"}],"trending_post":"0","trending_post_position":"meta","trending_post_label":"Trending","sponsored_post":"0","sponsored_post_label":"Sponsored by","sponsored_post_name":"","sponsored_post_url":"","sponsored_post_logo_enable":"0","sponsored_post_logo":"","sponsored_post_desc":"","disable_ad":"0"},"jnews_primary_category":{"id":"","hide":""},"footnotes":""},"categories":[85],"tags":[],"class_list":["post-3481","post","type-post","status-publish","format-standard","has-post-thumbnail","hentry","category-noticias"],"_links":{"self":[{"href":"https:\/\/cidadebaixaonline.com.br\/index.php\/wp-json\/wp\/v2\/posts\/3481","targetHints":{"allow":["GET"]}}],"collection":[{"href":"https:\/\/cidadebaixaonline.com.br\/index.php\/wp-json\/wp\/v2\/posts"}],"about":[{"href":"https:\/\/cidadebaixaonline.com.br\/index.php\/wp-json\/wp\/v2\/types\/post"}],"author":[{"embeddable":true,"href":"https:\/\/cidadebaixaonline.com.br\/index.php\/wp-json\/wp\/v2\/users\/2"}],"replies":[{"embeddable":true,"href":"https:\/\/cidadebaixaonline.com.br\/index.php\/wp-json\/wp\/v2\/comments?post=3481"}],"version-history":[{"count":1,"href":"https:\/\/cidadebaixaonline.com.br\/index.php\/wp-json\/wp\/v2\/posts\/3481\/revisions"}],"predecessor-version":[{"id":3483,"href":"https:\/\/cidadebaixaonline.com.br\/index.php\/wp-json\/wp\/v2\/posts\/3481\/revisions\/3483"}],"wp:featuredmedia":[{"embeddable":true,"href":"https:\/\/cidadebaixaonline.com.br\/index.php\/wp-json\/wp\/v2\/media\/3482"}],"wp:attachment":[{"href":"https:\/\/cidadebaixaonline.com.br\/index.php\/wp-json\/wp\/v2\/media?parent=3481"}],"wp:term":[{"taxonomy":"category","embeddable":true,"href":"https:\/\/cidadebaixaonline.com.br\/index.php\/wp-json\/wp\/v2\/categories?post=3481"},{"taxonomy":"post_tag","embeddable":true,"href":"https:\/\/cidadebaixaonline.com.br\/index.php\/wp-json\/wp\/v2\/tags?post=3481"}],"curies":[{"name":"wp","href":"https:\/\/api.w.org\/{rel}","templated":true}]}}