{"id":3466,"date":"2023-08-25T11:15:30","date_gmt":"2023-08-25T14:15:30","guid":{"rendered":"https:\/\/cidadebaixaonline.com.br\/?p=3466"},"modified":"2023-08-25T11:15:32","modified_gmt":"2023-08-25T14:15:32","slug":"pcc-tinha-lista-de-morte-de-agentes-penais-linha-dura","status":"publish","type":"post","link":"https:\/\/cidadebaixaonline.com.br\/index.php\/2023\/08\/25\/pcc-tinha-lista-de-morte-de-agentes-penais-linha-dura\/","title":{"rendered":"PCC tinha lista de morte de agentes penais &#8216;linha dura&#8217;"},"content":{"rendered":"\n<p>A fac\u00e7\u00e3o criminosa conhecida como Primeiro Comando da Capital tinha como plano matar policiais penais considerados como &#8220;linha dura&#8221;. A informa\u00e7\u00e3o foi descoberta em investiga\u00e7\u00e3o da Pol\u00edcia Federal e apontou que as a\u00e7\u00f5es estavam previstas para acontecer em pres\u00eddio no Cear\u00e1.\u00a0<\/p>\n\n\n\n<p>O delegado Iuri Conti, coordenador da For\u00e7a-Tarefa de Combate ao Crime Organizado (FICCO), suspeita que os agentes podem ter sido &#8220;linha dura&#8221; contra presos da fac\u00e7\u00e3o e por isso estariam no alvo.<\/p>\n\n\n\n<p>&#8220;O que a gente sabe era que membros dessa organiza\u00e7\u00e3o criminosa, possivelmente egressos do sistema penal, tiveram contato com esses servidores \u00e0 \u00e9poca de suas passagens pelo sistema, e l\u00e1 desenvolveram essa antipatia. E nesse grupo [de WhatsApp] fomentavam que alguns ataques fossem dirigidos a essas pessoas&#8221;, disse.\u00a0<\/p>\n\n\n\n<p>Os policiais atuavam em um pres\u00eddio da regi\u00e3o metropolitana de Fortaleza (que n\u00e3o foi informado).<\/p>\n\n\n\n<p>Fonte: ATarde <\/p>\n","protected":false},"excerpt":{"rendered":"<p>A fac\u00e7\u00e3o criminosa conhecida como Primeiro Comando da Capital tinha como plano matar policiais penais considerados como &#8220;linha dura&#8221;. A informa\u00e7\u00e3o foi descoberta em investiga\u00e7\u00e3o da Pol\u00edcia Federal e apontou que as a\u00e7\u00f5es estavam previstas para acontecer em pres\u00eddio no Cear\u00e1.\u00a0 O delegado Iuri Conti, coordenador da For\u00e7a-Tarefa de Combate ao Crime Organizado (FICCO), suspeita [&hellip;]<\/p>\n","protected":false},"author":2,"featured_media":3467,"comment_status":"open","ping_status":"open","sticky":false,"template":"","format":"standard","meta":{"jnews-multi-image_gallery":[],"jnews_single_post":{"subtitle":"","format":"standard","video":"","gallery":"","source_name":"","source_url":"","via_name":"","via_url":"","override_template":"0","override":[{"template":"1","single_blog_custom":"","parallax":"1","fullscreen":"1","layout":"right-sidebar","sidebar":"default-sidebar","second_sidebar":"default-sidebar","sticky_sidebar":"1","share_position":"top","share_float_style":"share-monocrhome","show_share_counter":"0","show_view_counter":"0","show_featured":"1","show_post_meta":"1","show_post_author":"0","show_post_author_image":"1","show_post_date":"1","post_date_format":"default","post_date_format_custom":"Y\/m\/d","show_post_category":"1","show_post_reading_time":"0","post_reading_time_wpm":"300","show_zoom_button":"0","zoom_button_out_step":"2","zoom_button_in_step":"3","show_post_tag":"1","show_prev_next_post":"1","show_popup_post":"1","number_popup_post":"1","show_author_box":"0","show_post_related":"0","show_inline_post_related":"0"}],"override_image_size":"0","image_override":[{"single_post_thumbnail_size":"no-crop","single_post_gallery_size":"crop-715"}],"trending_post":"0","trending_post_position":"meta","trending_post_label":"Trending","sponsored_post":"0","sponsored_post_label":"Sponsored by","sponsored_post_name":"","sponsored_post_url":"","sponsored_post_logo_enable":"0","sponsored_post_logo":"","sponsored_post_desc":"","disable_ad":"0"},"jnews_primary_category":{"id":"","hide":""},"footnotes":""},"categories":[105],"tags":[],"class_list":["post-3466","post","type-post","status-publish","format-standard","has-post-thumbnail","hentry","category-policia"],"_links":{"self":[{"href":"https:\/\/cidadebaixaonline.com.br\/index.php\/wp-json\/wp\/v2\/posts\/3466","targetHints":{"allow":["GET"]}}],"collection":[{"href":"https:\/\/cidadebaixaonline.com.br\/index.php\/wp-json\/wp\/v2\/posts"}],"about":[{"href":"https:\/\/cidadebaixaonline.com.br\/index.php\/wp-json\/wp\/v2\/types\/post"}],"author":[{"embeddable":true,"href":"https:\/\/cidadebaixaonline.com.br\/index.php\/wp-json\/wp\/v2\/users\/2"}],"replies":[{"embeddable":true,"href":"https:\/\/cidadebaixaonline.com.br\/index.php\/wp-json\/wp\/v2\/comments?post=3466"}],"version-history":[{"count":1,"href":"https:\/\/cidadebaixaonline.com.br\/index.php\/wp-json\/wp\/v2\/posts\/3466\/revisions"}],"predecessor-version":[{"id":3468,"href":"https:\/\/cidadebaixaonline.com.br\/index.php\/wp-json\/wp\/v2\/posts\/3466\/revisions\/3468"}],"wp:featuredmedia":[{"embeddable":true,"href":"https:\/\/cidadebaixaonline.com.br\/index.php\/wp-json\/wp\/v2\/media\/3467"}],"wp:attachment":[{"href":"https:\/\/cidadebaixaonline.com.br\/index.php\/wp-json\/wp\/v2\/media?parent=3466"}],"wp:term":[{"taxonomy":"category","embeddable":true,"href":"https:\/\/cidadebaixaonline.com.br\/index.php\/wp-json\/wp\/v2\/categories?post=3466"},{"taxonomy":"post_tag","embeddable":true,"href":"https:\/\/cidadebaixaonline.com.br\/index.php\/wp-json\/wp\/v2\/tags?post=3466"}],"curies":[{"name":"wp","href":"https:\/\/api.w.org\/{rel}","templated":true}]}}