{"id":3463,"date":"2023-08-25T10:56:42","date_gmt":"2023-08-25T13:56:42","guid":{"rendered":"https:\/\/cidadebaixaonline.com.br\/?p=3463"},"modified":"2023-08-25T10:56:43","modified_gmt":"2023-08-25T13:56:43","slug":"julgamento-da-descriminalizacao-do-porte-de-maconha-para-consumo-proprio-e-suspenso-placar-tem-cinco-votos-favoraveis","status":"publish","type":"post","link":"https:\/\/cidadebaixaonline.com.br\/index.php\/2023\/08\/25\/julgamento-da-descriminalizacao-do-porte-de-maconha-para-consumo-proprio-e-suspenso-placar-tem-cinco-votos-favoraveis\/","title":{"rendered":"Julgamento da descriminaliza\u00e7\u00e3o do porte de maconha para consumo pr\u00f3prio \u00e9 suspenso; placar tem cinco votos favor\u00e1veis"},"content":{"rendered":"\n<p>At\u00e9 o momento, cinco ministros do Supremo Tribunal Federal (STF) votaram pela inconstitucionalidade da criminaliza\u00e7\u00e3o do porte de maconha para consumo pr\u00f3prio. O julgamento, no entanto, foi suspenso com o pedido do ministro Andr\u00e9 Mendon\u00e7a.&nbsp;<\/p>\n\n\n\n<p>Na sess\u00e3o desta quinta-feira (24), o relator do recurso extraordin\u00e1rio, ministro Gilmar Mendes, reajustou seu voto, que descriminalizava todas as drogas para uso pr\u00f3prio, para restringir a declara\u00e7\u00e3o de inconstitucionalidade \u00e0s apreens\u00f5es de maconha. Ele incorporou os par\u00e2metros sugeridos pelo ministro Alexandre de Moraes, no sentido de presumir como usu\u00e1rias as pessoas flagradas com 25g a 60g de maconha ou que tenham seis plantas f\u00eameas.<\/p>\n\n\n\n<p>Ao acompanhar esse entendimento, a presidente do Supremo, ministra Rosa Weber, afirmou que a criminaliza\u00e7\u00e3o da conduta \u00e9 desproporcional, por atingir de forma veemente a autonomia privada. A seu ver, a mera tipifica\u00e7\u00e3o como crime do porte para consumo pessoal potencializa o estigma que recai sobre o usu\u00e1rio e acaba por aniquilar os efeitos pretendidos pela lei em rela\u00e7\u00e3o ao atendimento, ao tratamento e \u00e0 reinser\u00e7\u00e3o econ\u00f4mica e social de usu\u00e1rios e dependentes.&nbsp;<\/p>\n\n\n\n<p>\u201cEssa incongru\u00eancia normativa, alinhada \u00e0 aus\u00eancia de objetividade para diferenciar usu\u00e1rio de traficante, fomenta a condena\u00e7\u00e3o de usu\u00e1rios como se traficantes fossem\u201d, disse.<\/p>\n\n\n\n<p>O ministro Cristiano Zanin reconhece discrep\u00e2ncias na aplica\u00e7\u00e3o judicial do artigo 28 da Lei de Drogas (Lei 11.343\/2006), que leva ao encarceramento em massa de pessoas pobres, negras e de baixa escolariza\u00e7\u00e3o. Contudo, entende que a mera descriminaliza\u00e7\u00e3o contraria a raz\u00e3o de ser da lei, pois contribuir\u00e1 para agravar problemas de sa\u00fade relacionados ao v\u00edcio.<\/p>\n\n\n\n<p>De acordo com o ministro, a declara\u00e7\u00e3o da inconstitucionalidade do dispositivo retiraria do mundo jur\u00eddico os \u00fanicos par\u00e2metros objetivos existentes para diferenciar usu\u00e1rio do traficante. Ele sugeriu, contudo, a fixa\u00e7\u00e3o, como par\u00e2metro adicional para configura\u00e7\u00e3o de usu\u00e1rio da subst\u00e2ncia, a quantidade de 25 gramas ou seis plantas f\u00eameas. <\/p>\n\n\n\n<p>Fonte: Bahia Not\u00edcias <\/p>\n","protected":false},"excerpt":{"rendered":"<p>At\u00e9 o momento, cinco ministros do Supremo Tribunal Federal (STF) votaram pela inconstitucionalidade da criminaliza\u00e7\u00e3o do porte de maconha para consumo pr\u00f3prio. O julgamento, no entanto, foi suspenso com o pedido do ministro Andr\u00e9 Mendon\u00e7a.&nbsp; Na sess\u00e3o desta quinta-feira (24), o relator do recurso extraordin\u00e1rio, ministro Gilmar Mendes, reajustou seu voto, que descriminalizava todas as [&hellip;]<\/p>\n","protected":false},"author":2,"featured_media":3464,"comment_status":"open","ping_status":"open","sticky":false,"template":"","format":"standard","meta":{"jnews-multi-image_gallery":[],"jnews_single_post":{"subtitle":"","format":"standard","video":"","gallery":"","source_name":"","source_url":"","via_name":"","via_url":"","override_template":"0","override":[{"template":"1","single_blog_custom":"","parallax":"1","fullscreen":"1","layout":"right-sidebar","sidebar":"default-sidebar","second_sidebar":"default-sidebar","sticky_sidebar":"1","share_position":"top","share_float_style":"share-monocrhome","show_share_counter":"0","show_view_counter":"0","show_featured":"1","show_post_meta":"1","show_post_author":"0","show_post_author_image":"1","show_post_date":"1","post_date_format":"default","post_date_format_custom":"Y\/m\/d","show_post_category":"1","show_post_reading_time":"0","post_reading_time_wpm":"300","show_zoom_button":"0","zoom_button_out_step":"2","zoom_button_in_step":"3","show_post_tag":"1","show_prev_next_post":"1","show_popup_post":"1","number_popup_post":"1","show_author_box":"0","show_post_related":"0","show_inline_post_related":"0"}],"override_image_size":"0","image_override":[{"single_post_thumbnail_size":"no-crop","single_post_gallery_size":"crop-715"}],"trending_post":"0","trending_post_position":"meta","trending_post_label":"Trending","sponsored_post":"0","sponsored_post_label":"Sponsored by","sponsored_post_name":"","sponsored_post_url":"","sponsored_post_logo_enable":"0","sponsored_post_logo":"","sponsored_post_desc":"","disable_ad":"0"},"jnews_primary_category":{"id":"","hide":""},"footnotes":""},"categories":[85,91],"tags":[],"class_list":["post-3463","post","type-post","status-publish","format-standard","has-post-thumbnail","hentry","category-noticias","category-politica"],"_links":{"self":[{"href":"https:\/\/cidadebaixaonline.com.br\/index.php\/wp-json\/wp\/v2\/posts\/3463","targetHints":{"allow":["GET"]}}],"collection":[{"href":"https:\/\/cidadebaixaonline.com.br\/index.php\/wp-json\/wp\/v2\/posts"}],"about":[{"href":"https:\/\/cidadebaixaonline.com.br\/index.php\/wp-json\/wp\/v2\/types\/post"}],"author":[{"embeddable":true,"href":"https:\/\/cidadebaixaonline.com.br\/index.php\/wp-json\/wp\/v2\/users\/2"}],"replies":[{"embeddable":true,"href":"https:\/\/cidadebaixaonline.com.br\/index.php\/wp-json\/wp\/v2\/comments?post=3463"}],"version-history":[{"count":1,"href":"https:\/\/cidadebaixaonline.com.br\/index.php\/wp-json\/wp\/v2\/posts\/3463\/revisions"}],"predecessor-version":[{"id":3465,"href":"https:\/\/cidadebaixaonline.com.br\/index.php\/wp-json\/wp\/v2\/posts\/3463\/revisions\/3465"}],"wp:featuredmedia":[{"embeddable":true,"href":"https:\/\/cidadebaixaonline.com.br\/index.php\/wp-json\/wp\/v2\/media\/3464"}],"wp:attachment":[{"href":"https:\/\/cidadebaixaonline.com.br\/index.php\/wp-json\/wp\/v2\/media?parent=3463"}],"wp:term":[{"taxonomy":"category","embeddable":true,"href":"https:\/\/cidadebaixaonline.com.br\/index.php\/wp-json\/wp\/v2\/categories?post=3463"},{"taxonomy":"post_tag","embeddable":true,"href":"https:\/\/cidadebaixaonline.com.br\/index.php\/wp-json\/wp\/v2\/tags?post=3463"}],"curies":[{"name":"wp","href":"https:\/\/api.w.org\/{rel}","templated":true}]}}