{"id":3457,"date":"2023-08-25T10:27:06","date_gmt":"2023-08-25T13:27:06","guid":{"rendered":"https:\/\/cidadebaixaonline.com.br\/?p=3457"},"modified":"2023-08-25T10:27:08","modified_gmt":"2023-08-25T13:27:08","slug":"pt-salvador-indica-robinson-almeida-como-pre-candidato-a-prefeitura","status":"publish","type":"post","link":"https:\/\/cidadebaixaonline.com.br\/index.php\/2023\/08\/25\/pt-salvador-indica-robinson-almeida-como-pre-candidato-a-prefeitura\/","title":{"rendered":"PT Salvador indica Robinson Almeida como pr\u00e9-candidato \u00e0 prefeitura"},"content":{"rendered":"\n<p>O Diret\u00f3rio Municipal do Partido dos Trabalhadores de Salvador aprovou, por maioria, em reuni\u00e3o realizada nesta quinta-feira,24, a indica\u00e7\u00e3o do nome do deputado estadual Robinson Almeida ao pleito municipal de Salvador de 2024. A reuni\u00e3o foi conduzida pela presidente da sigla, Cema Mosil.<\/p>\n\n\n\n<p>L\u00edder da Federa\u00e7\u00e3o PT, PC Do B e PV na Assembleia Legislativa, Robinson conquistou o apoio da maioria das correntes internas e da milit\u00e2ncia ap\u00f3s disponibilizar seu nome no processo e defender uma candidatura pr\u00f3pria da legenda.<\/p>\n\n\n\n<p>Cema MoSil parabenizou a lembran\u00e7a, por dirigentes e militantes, dos nomes da soci\u00f3loga Vilma Reis e da vereadora licenciada Maria Marighella, e tamb\u00e9m parabenizou o militante social Rodrigo Pereira, que colocou seu nomes \u00e0 disposi\u00e7\u00e3o do partido em abril.&nbsp;<\/p>\n\n\n\n<p>\u201cNesse per\u00edodo fizemos v\u00e1rios di\u00e1logos da comiss\u00e3o executiva e dos seus grupos de trabalho, ouvindo as tend\u00eancias, os dirigentes e toda a milit\u00e2ncia. Agora, tamb\u00e9m atrav\u00e9s de uma decis\u00e3o democr\u00e1tica da maioria, chegamos a um consenso em torno do nome do companheiro Robinson Almeida. Essa \u00e9 uma decis\u00e3o madura e, portanto, muito importante para o Partido dos Trabalhadores. Agora vamos pensar Salvador, apresentar um programa, um modelo de gest\u00e3o que cuide melhor de nossa gente\u201d, disse Cema.<\/p>\n\n\n\n<p>Fonte: ATarde <\/p>\n","protected":false},"excerpt":{"rendered":"<p>O Diret\u00f3rio Municipal do Partido dos Trabalhadores de Salvador aprovou, por maioria, em reuni\u00e3o realizada nesta quinta-feira,24, a indica\u00e7\u00e3o do nome do deputado estadual Robinson Almeida ao pleito municipal de Salvador de 2024. A reuni\u00e3o foi conduzida pela presidente da sigla, Cema Mosil. L\u00edder da Federa\u00e7\u00e3o PT, PC Do B e PV na Assembleia Legislativa, [&hellip;]<\/p>\n","protected":false},"author":2,"featured_media":3458,"comment_status":"open","ping_status":"open","sticky":false,"template":"","format":"standard","meta":{"jnews-multi-image_gallery":[],"jnews_single_post":{"subtitle":"","format":"standard","video":"","gallery":"","source_name":"","source_url":"","via_name":"","via_url":"","override_template":"0","override":[{"template":"1","single_blog_custom":"","parallax":"1","fullscreen":"1","layout":"right-sidebar","sidebar":"default-sidebar","second_sidebar":"default-sidebar","sticky_sidebar":"1","share_position":"top","share_float_style":"share-monocrhome","show_share_counter":"0","show_view_counter":"0","show_featured":"1","show_post_meta":"1","show_post_author":"0","show_post_author_image":"1","show_post_date":"1","post_date_format":"default","post_date_format_custom":"Y\/m\/d","show_post_category":"1","show_post_reading_time":"0","post_reading_time_wpm":"300","show_zoom_button":"0","zoom_button_out_step":"2","zoom_button_in_step":"3","show_post_tag":"1","show_prev_next_post":"1","show_popup_post":"1","number_popup_post":"1","show_author_box":"0","show_post_related":"0","show_inline_post_related":"0"}],"override_image_size":"0","image_override":[{"single_post_thumbnail_size":"no-crop","single_post_gallery_size":"crop-715"}],"trending_post":"0","trending_post_position":"meta","trending_post_label":"Trending","sponsored_post":"0","sponsored_post_label":"Sponsored by","sponsored_post_name":"","sponsored_post_url":"","sponsored_post_logo_enable":"0","sponsored_post_logo":"","sponsored_post_desc":"","disable_ad":"0"},"jnews_primary_category":{"id":"","hide":""},"footnotes":""},"categories":[91],"tags":[],"class_list":["post-3457","post","type-post","status-publish","format-standard","has-post-thumbnail","hentry","category-politica"],"_links":{"self":[{"href":"https:\/\/cidadebaixaonline.com.br\/index.php\/wp-json\/wp\/v2\/posts\/3457","targetHints":{"allow":["GET"]}}],"collection":[{"href":"https:\/\/cidadebaixaonline.com.br\/index.php\/wp-json\/wp\/v2\/posts"}],"about":[{"href":"https:\/\/cidadebaixaonline.com.br\/index.php\/wp-json\/wp\/v2\/types\/post"}],"author":[{"embeddable":true,"href":"https:\/\/cidadebaixaonline.com.br\/index.php\/wp-json\/wp\/v2\/users\/2"}],"replies":[{"embeddable":true,"href":"https:\/\/cidadebaixaonline.com.br\/index.php\/wp-json\/wp\/v2\/comments?post=3457"}],"version-history":[{"count":1,"href":"https:\/\/cidadebaixaonline.com.br\/index.php\/wp-json\/wp\/v2\/posts\/3457\/revisions"}],"predecessor-version":[{"id":3459,"href":"https:\/\/cidadebaixaonline.com.br\/index.php\/wp-json\/wp\/v2\/posts\/3457\/revisions\/3459"}],"wp:featuredmedia":[{"embeddable":true,"href":"https:\/\/cidadebaixaonline.com.br\/index.php\/wp-json\/wp\/v2\/media\/3458"}],"wp:attachment":[{"href":"https:\/\/cidadebaixaonline.com.br\/index.php\/wp-json\/wp\/v2\/media?parent=3457"}],"wp:term":[{"taxonomy":"category","embeddable":true,"href":"https:\/\/cidadebaixaonline.com.br\/index.php\/wp-json\/wp\/v2\/categories?post=3457"},{"taxonomy":"post_tag","embeddable":true,"href":"https:\/\/cidadebaixaonline.com.br\/index.php\/wp-json\/wp\/v2\/tags?post=3457"}],"curies":[{"name":"wp","href":"https:\/\/api.w.org\/{rel}","templated":true}]}}