{"id":3429,"date":"2023-08-24T14:30:14","date_gmt":"2023-08-24T17:30:14","guid":{"rendered":"https:\/\/cidadebaixaonline.com.br\/?p=3429"},"modified":"2023-08-24T14:31:00","modified_gmt":"2023-08-24T17:31:00","slug":"dionisio-tem-previsao-de-retorno-aos-gramados-estipulada-pelo-vitoria","status":"publish","type":"post","link":"https:\/\/cidadebaixaonline.com.br\/index.php\/2023\/08\/24\/dionisio-tem-previsao-de-retorno-aos-gramados-estipulada-pelo-vitoria\/","title":{"rendered":"Dion\u00edsio tem previs\u00e3o de retorno aos gramados estipulada pelo Vit\u00f3ria"},"content":{"rendered":"\n<p>O Vit\u00f3ria est\u00e1 prestes a contar com a op\u00e7\u00e3o do volante Dion\u00edsio para a sequ\u00eancia da S\u00e9rie B. Ap\u00f3s ter sido submetido a uma cirurgia de reconstru\u00e7\u00e3o do ligamento cruzado anterior em janeiro deste ano, o meio-campista te evolu\u00e7\u00e3o satisfat\u00f3ria e treina normalmente com os companheiros na Toca do Le\u00e3o, ap\u00f3s ser inserido nas atividades de maneira gradativa. A tend\u00eancia \u00e9 que ele seja relacionado para o jogo contra o CRB, no dia 10 de setembro, em Macei\u00f3, pela 27\u00aa rodada.<\/p>\n\n\n\n<p>A les\u00e3o ocorreu durante um jogo-treino contra o Itabuna, durante os trabalhos de pr\u00e9-temporada, no dia 23 de dezembro de 2022. Na ocasi\u00e3o, Dion\u00edsio tinha antecipado o retorno das f\u00e9rias para se preparar na Toca do Le\u00e3o.<\/p>\n\n\n\n<p>Foram quase oito meses de uma longa recupera\u00e7\u00e3o, com trabalhos intensos com os fisioterapeutas e preparadores f\u00edsicos, para condicionar a forma f\u00edsica, se readaptar aos movimentos de jogo com toques na bola. A recupera\u00e7\u00e3o surpreendeu o departamento m\u00e9dico Rubro-Negro.<\/p>\n\n\n\n<p>Baiano de Itapetinga, Dion\u00edsio Pereira de Souza Neto tem 29 anos. Revelado no Vit\u00f3ria da Conquista, passou por clubes como Atl\u00e9tico Tubar\u00e3o-SC, Atl\u00e2ntico, Bahia de Feira, Cajazeiras, Jacobina e Jacuipense. Ele se destacou no Atl\u00e9tico de Alagoinhas entre 2021 e 2022, onde foi bicampe\u00e3o baiano.<\/p>\n\n\n\n<p>Na sequ\u00eancia, foi negociado com o Vit\u00f3ria e se tornou pe\u00e7a importante na disputa da S\u00e9rie C. Foram 23 atua\u00e7\u00f5es com a camisa Rubro-Negra e um gol marcado, contra o Paysandu, em Bel\u00e9m, que valeu o acesso a S\u00e9rie B de 2023.<\/p>\n\n\n\n<p>Fonte: ATarde<\/p>\n","protected":false},"excerpt":{"rendered":"<p>O Vit\u00f3ria est\u00e1 prestes a contar com a op\u00e7\u00e3o do volante Dion\u00edsio para a sequ\u00eancia da S\u00e9rie B. Ap\u00f3s ter sido submetido a uma cirurgia de reconstru\u00e7\u00e3o do ligamento cruzado anterior em janeiro deste ano, o meio-campista te evolu\u00e7\u00e3o satisfat\u00f3ria e treina normalmente com os companheiros na Toca do Le\u00e3o, ap\u00f3s ser inserido nas atividades [&hellip;]<\/p>\n","protected":false},"author":2,"featured_media":3430,"comment_status":"open","ping_status":"open","sticky":false,"template":"","format":"standard","meta":{"jnews-multi-image_gallery":[],"jnews_single_post":{"subtitle":"","format":"standard","video":"","gallery":"","source_name":"","source_url":"","via_name":"","via_url":"","override_template":"0","override":[{"template":"1","single_blog_custom":"","parallax":"1","fullscreen":"1","layout":"right-sidebar","sidebar":"default-sidebar","second_sidebar":"default-sidebar","sticky_sidebar":"1","share_position":"top","share_float_style":"share-monocrhome","show_share_counter":"0","show_view_counter":"0","show_featured":"1","show_post_meta":"1","show_post_author":"0","show_post_author_image":"1","show_post_date":"1","post_date_format":"default","post_date_format_custom":"Y\/m\/d","show_post_category":"1","show_post_reading_time":"0","post_reading_time_wpm":"300","show_zoom_button":"0","zoom_button_out_step":"2","zoom_button_in_step":"3","show_post_tag":"1","show_prev_next_post":"1","show_popup_post":"1","number_popup_post":"1","show_author_box":"0","show_post_related":"0","show_inline_post_related":"0"}],"override_image_size":"0","image_override":[{"single_post_thumbnail_size":"no-crop","single_post_gallery_size":"crop-715"}],"trending_post":"0","trending_post_position":"meta","trending_post_label":"Trending","sponsored_post":"0","sponsored_post_label":"Sponsored by","sponsored_post_name":"","sponsored_post_url":"","sponsored_post_logo_enable":"0","sponsored_post_logo":"","sponsored_post_desc":"","disable_ad":"0"},"jnews_primary_category":{"id":"","hide":""},"footnotes":""},"categories":[89],"tags":[],"class_list":["post-3429","post","type-post","status-publish","format-standard","has-post-thumbnail","hentry","category-esportes"],"_links":{"self":[{"href":"https:\/\/cidadebaixaonline.com.br\/index.php\/wp-json\/wp\/v2\/posts\/3429","targetHints":{"allow":["GET"]}}],"collection":[{"href":"https:\/\/cidadebaixaonline.com.br\/index.php\/wp-json\/wp\/v2\/posts"}],"about":[{"href":"https:\/\/cidadebaixaonline.com.br\/index.php\/wp-json\/wp\/v2\/types\/post"}],"author":[{"embeddable":true,"href":"https:\/\/cidadebaixaonline.com.br\/index.php\/wp-json\/wp\/v2\/users\/2"}],"replies":[{"embeddable":true,"href":"https:\/\/cidadebaixaonline.com.br\/index.php\/wp-json\/wp\/v2\/comments?post=3429"}],"version-history":[{"count":1,"href":"https:\/\/cidadebaixaonline.com.br\/index.php\/wp-json\/wp\/v2\/posts\/3429\/revisions"}],"predecessor-version":[{"id":3431,"href":"https:\/\/cidadebaixaonline.com.br\/index.php\/wp-json\/wp\/v2\/posts\/3429\/revisions\/3431"}],"wp:featuredmedia":[{"embeddable":true,"href":"https:\/\/cidadebaixaonline.com.br\/index.php\/wp-json\/wp\/v2\/media\/3430"}],"wp:attachment":[{"href":"https:\/\/cidadebaixaonline.com.br\/index.php\/wp-json\/wp\/v2\/media?parent=3429"}],"wp:term":[{"taxonomy":"category","embeddable":true,"href":"https:\/\/cidadebaixaonline.com.br\/index.php\/wp-json\/wp\/v2\/categories?post=3429"},{"taxonomy":"post_tag","embeddable":true,"href":"https:\/\/cidadebaixaonline.com.br\/index.php\/wp-json\/wp\/v2\/tags?post=3429"}],"curies":[{"name":"wp","href":"https:\/\/api.w.org\/{rel}","templated":true}]}}