{"id":3423,"date":"2023-08-24T14:07:48","date_gmt":"2023-08-24T17:07:48","guid":{"rendered":"https:\/\/cidadebaixaonline.com.br\/?p=3423"},"modified":"2023-08-24T14:07:49","modified_gmt":"2023-08-24T17:07:49","slug":"lula-defende-maior-cooperacao-entre-paises-em-desenvolvimento","status":"publish","type":"post","link":"https:\/\/cidadebaixaonline.com.br\/index.php\/2023\/08\/24\/lula-defende-maior-cooperacao-entre-paises-em-desenvolvimento\/","title":{"rendered":"Lula defende maior coopera\u00e7\u00e3o entre pa\u00edses em desenvolvimento"},"content":{"rendered":"\n<p>O presidente Luiz In\u00e1cio Lula da Silva afirmou, nesta quinta-feira (24), que \u00e9 hora de revitalizar a coopera\u00e7\u00e3o entre os pa\u00edses em desenvolvimento e que, ao assumir a presid\u00eancia do G20, em dezembro, o Brasil quer recolocar a redu\u00e7\u00e3o das desigualdades no centro da agenda internacional.<\/p>\n\n\n\n<p>\u201cN\u00e3o podemos fazer isso sem maior representatividade para a \u00c1frica. Por isso, defendemos o ingresso da Uni\u00e3o Africana como membro do G20. Com minha vinda \u00e0 \u00c1frica do Sul, de onde seguirei para Angola e para S\u00e3o Tom\u00e9 e Pr\u00edncipe, pretendo inaugurar uma nova agenda de coopera\u00e7\u00e3o entre o Brasil e a \u00c1frica\u201d, disse o presidente durante o evento Di\u00e1logo de Amigos do Brics, em Joanesburgo, na \u00c1frica do Sul.<\/p>\n\n\n\n<p>O G20 \u00e9 um grupo formado pelos ministros de finan\u00e7as e chefes dos bancos centrais das 19 maiores economias do mundo mais a Uni\u00e3o Europeia, e foi criado em 1999.<\/p>\n\n\n\n<p>Lula est\u00e1 na \u00c1frica do Sul, onde participa da 15\u00aa C\u00fapula de chefes de Estado do Brics, que se encerra nesta quinta-feira, ap\u00f3s duas sess\u00f5es ampliadas com participa\u00e7\u00e3o dos pa\u00edses membros e mais na\u00e7\u00f5es convidadas. O Brics \u00e9 o bloco de pa\u00edses formado por Brasil, R\u00fassia, \u00cdndia, China e \u00c1frica do Sul. A partir de janeiro de 2024, seis novos pa\u00edses integrar\u00e3o o grupo: Argentina, Ar\u00e1bia Saudita, Egito, Emirados \u00c1rabes Unidos, Eti\u00f3pia e Ir\u00e3.<\/p>\n\n\n\n<p>Para o presidente, o combate \u00e0 mudan\u00e7a do clima oferece a oportunidade de repensar modelos de financiamento, com\u00e9rcio e desenvolvimento. Segundo Lula, existem formas sustent\u00e1veis de ampliar a produtividade agr\u00edcola, gerar renda e oferecer prote\u00e7\u00e3o social.<\/p>\n\n\n\n<p>\u201cA transi\u00e7\u00e3o energ\u00e9tica n\u00e3o pode reeditar a rela\u00e7\u00e3o de explora\u00e7\u00e3o do passado colonial. Precisamos de solu\u00e7\u00f5es que diversifiquem e agreguem valor \u00e0 produ\u00e7\u00e3o de pa\u00edses em desenvolvimento. O sinal mais evidente de que o planeta est\u00e1 se tornando um lugar mais desigual \u00e9 o crescimento da fome e da pobreza. Isso \u00e9 inaceit\u00e1vel. Apesar da sua magnitude, esses problemas n\u00e3o s\u00e3o tratados com a urg\u00eancia que merecem\u201d, destacou.<\/p>\n\n\n\n<p>Uma nova governan\u00e7a global tamb\u00e9m foi debatida durante a c\u00fapula. Em discursos anteriores, Lula cobrou a moderniza\u00e7\u00e3o das institui\u00e7\u00f5es multilaterais, com amplia\u00e7\u00e3o da representatividade, e disse que o dinamismo da economia est\u00e1 no Sul Global. Para ele, o Brics n\u00e3o quer ser contraponto ao G7, grupo de sete pa\u00edses mais industrializados do mundo, ou ao G20.<\/p>\n\n\n\n<p><strong>Colabora\u00e7\u00e3o<\/strong><\/p>\n\n\n\n<p>\u201cA presen\u00e7a, aqui, de dezenas de l\u00edderes do Sul Global, mostra que o mundo \u00e9 mais complexo do que a mentalidade de Guerra Fria que alguns querem restaurar. Em vez de aderir \u00e0 l\u00f3gica da competi\u00e7\u00e3o, que imp\u00f5e alinhamentos autom\u00e1ticos e fomenta desconfian\u00e7as, temos de fortalecer nossa colabora\u00e7\u00e3o. Um mundo com bem-estar para todos s\u00f3 \u00e9 poss\u00edvel com uma ordem internacional mais inclusiva e solid\u00e1ria\u201d, afirmou em seu discurso.<\/p>\n\n\n\n<p>Lula tamb\u00e9m destacou as potencialidades dos pa\u00edses africanos e disse que \u201cmuitas das respostas que buscamos para construir um mundo mais equitativo est\u00e3o na \u00c1frica\u201d. Para ele, entretanto, \u00e9 preciso discutir sobre a d\u00edvida externa dessas na\u00e7\u00f5es, que chega a US$ 800 bilh\u00f5es, e transform\u00e1-la em capacidade de investimento.<\/p>\n\n\n\n<p>\u201cNos \u00faltimos anos, o volume de recursos direcionados a pa\u00edses do Sul Global, via com\u00e9rcio e investimentos, vem diminuindo. A maior parte do mundo em desenvolvimento depende da exporta\u00e7\u00e3o de commodities, cuja demanda \u00e9 vol\u00e1til, e da importa\u00e7\u00e3o de bens de primeira necessidade, cujos pre\u00e7os dispararam. Ao mesmo tempo, institui\u00e7\u00f5es financeiras imp\u00f5em juros elevados e condicionalidades que estreitam o espa\u00e7o de atua\u00e7\u00e3o do Estado. \u00c9 imposs\u00edvel promover o desenvolvimento sustent\u00e1vel se o or\u00e7amento p\u00fablico \u00e9 consumido pelo servi\u00e7o da d\u00edvida\u201d, afirmou Lula.<\/p>\n\n\n\n<p>O presidente citou que enquanto preocupa\u00e7\u00f5es de seguran\u00e7a limitam cada vez mais o compartilhamento de tecnologias, a Uni\u00e3o Africana lan\u00e7a estrat\u00e9gias de transforma\u00e7\u00e3o digital e centenas de startups e centros de inova\u00e7\u00e3o surgem na \u00c1frica. Ainda segundo Lula, o continente se destaca pelo protagonismo na resolu\u00e7\u00e3o de conflitos e pela amplia\u00e7\u00e3o de sua \u00e1rea de livre com\u00e9rcio.<\/p>\n\n\n\n<p><strong>Bangladesh<\/strong><\/p>\n\n\n\n<p>Lula tamb\u00e9m se reuniu, nesta quinta (24), na \u00c1frica do Sul, com a primeira-ministra de Bangladesh, Sheik Hasina Wajed. O pa\u00eds tamb\u00e9m pleiteia sua entrada no Brics.<\/p>\n\n\n\n<p>Em nota, o Pal\u00e1cio do Planalto informou que os dois mandat\u00e1rios conversaram sobre as pol\u00edticas sociais das duas na\u00e7\u00f5es no combate \u00e0 pobreza e tamb\u00e9m sobre quest\u00f5es comerciais. Bangladesh importa carne, petr\u00f3leo, a\u00e7\u00facar e algod\u00e3o e tamb\u00e9m est\u00e1 buscando um acordo de com\u00e9rcio com o Mercosul.<\/p>\n\n\n\n<p>Fonte: Varela Net <\/p>\n","protected":false},"excerpt":{"rendered":"<p>O presidente Luiz In\u00e1cio Lula da Silva afirmou, nesta quinta-feira (24), que \u00e9 hora de revitalizar a coopera\u00e7\u00e3o entre os pa\u00edses em desenvolvimento e que, ao assumir a presid\u00eancia do G20, em dezembro, o Brasil quer recolocar a redu\u00e7\u00e3o das desigualdades no centro da agenda internacional. \u201cN\u00e3o podemos fazer isso sem maior representatividade para a [&hellip;]<\/p>\n","protected":false},"author":2,"featured_media":3424,"comment_status":"open","ping_status":"open","sticky":false,"template":"","format":"standard","meta":{"jnews-multi-image_gallery":[],"jnews_single_post":{"subtitle":"","format":"standard","video":"","gallery":"","source_name":"","source_url":"","via_name":"","via_url":"","override_template":"0","override":[{"template":"1","single_blog_custom":"","parallax":"1","fullscreen":"1","layout":"right-sidebar","sidebar":"default-sidebar","second_sidebar":"default-sidebar","sticky_sidebar":"1","share_position":"top","share_float_style":"share-monocrhome","show_share_counter":"0","show_view_counter":"0","show_featured":"1","show_post_meta":"1","show_post_author":"0","show_post_author_image":"1","show_post_date":"1","post_date_format":"default","post_date_format_custom":"Y\/m\/d","show_post_category":"1","show_post_reading_time":"0","post_reading_time_wpm":"300","show_zoom_button":"0","zoom_button_out_step":"2","zoom_button_in_step":"3","show_post_tag":"1","show_prev_next_post":"1","show_popup_post":"1","number_popup_post":"1","show_author_box":"0","show_post_related":"0","show_inline_post_related":"0"}],"override_image_size":"0","image_override":[{"single_post_thumbnail_size":"no-crop","single_post_gallery_size":"crop-715"}],"trending_post":"0","trending_post_position":"meta","trending_post_label":"Trending","sponsored_post":"0","sponsored_post_label":"Sponsored by","sponsored_post_name":"","sponsored_post_url":"","sponsored_post_logo_enable":"0","sponsored_post_logo":"","sponsored_post_desc":"","disable_ad":"0"},"jnews_primary_category":{"id":"","hide":""},"footnotes":""},"categories":[91],"tags":[],"class_list":["post-3423","post","type-post","status-publish","format-standard","has-post-thumbnail","hentry","category-politica"],"_links":{"self":[{"href":"https:\/\/cidadebaixaonline.com.br\/index.php\/wp-json\/wp\/v2\/posts\/3423","targetHints":{"allow":["GET"]}}],"collection":[{"href":"https:\/\/cidadebaixaonline.com.br\/index.php\/wp-json\/wp\/v2\/posts"}],"about":[{"href":"https:\/\/cidadebaixaonline.com.br\/index.php\/wp-json\/wp\/v2\/types\/post"}],"author":[{"embeddable":true,"href":"https:\/\/cidadebaixaonline.com.br\/index.php\/wp-json\/wp\/v2\/users\/2"}],"replies":[{"embeddable":true,"href":"https:\/\/cidadebaixaonline.com.br\/index.php\/wp-json\/wp\/v2\/comments?post=3423"}],"version-history":[{"count":1,"href":"https:\/\/cidadebaixaonline.com.br\/index.php\/wp-json\/wp\/v2\/posts\/3423\/revisions"}],"predecessor-version":[{"id":3425,"href":"https:\/\/cidadebaixaonline.com.br\/index.php\/wp-json\/wp\/v2\/posts\/3423\/revisions\/3425"}],"wp:featuredmedia":[{"embeddable":true,"href":"https:\/\/cidadebaixaonline.com.br\/index.php\/wp-json\/wp\/v2\/media\/3424"}],"wp:attachment":[{"href":"https:\/\/cidadebaixaonline.com.br\/index.php\/wp-json\/wp\/v2\/media?parent=3423"}],"wp:term":[{"taxonomy":"category","embeddable":true,"href":"https:\/\/cidadebaixaonline.com.br\/index.php\/wp-json\/wp\/v2\/categories?post=3423"},{"taxonomy":"post_tag","embeddable":true,"href":"https:\/\/cidadebaixaonline.com.br\/index.php\/wp-json\/wp\/v2\/tags?post=3423"}],"curies":[{"name":"wp","href":"https:\/\/api.w.org\/{rel}","templated":true}]}}