{"id":3417,"date":"2023-08-24T14:01:19","date_gmt":"2023-08-24T17:01:19","guid":{"rendered":"https:\/\/cidadebaixaonline.com.br\/?p=3417"},"modified":"2023-08-24T14:01:21","modified_gmt":"2023-08-24T17:01:21","slug":"apos-impasse-em-acordo-trellez-diz-que-vai-acionar-o-vitoria-na-justica","status":"publish","type":"post","link":"https:\/\/cidadebaixaonline.com.br\/index.php\/2023\/08\/24\/apos-impasse-em-acordo-trellez-diz-que-vai-acionar-o-vitoria-na-justica\/","title":{"rendered":"Ap\u00f3s impasse em acordo, Tr\u00e9llez diz que vai acionar o Vit\u00f3ria na Justi\u00e7a"},"content":{"rendered":"\n<p>O atacante Santiago Tr\u00e9llez diz que vai acionar o Vit\u00f3ria na Justi\u00e7a mesmo ap\u00f3s ter assinado a rescis\u00e3o contratual com o clube. Segundo o jogador, os documentos ainda n\u00e3o foram enviados \u00e0 CBF e por isso ele fica impossibilitado de fechar com qualquer outro clube.<\/p>\n\n\n\n<p>Em entrevista ao Bahia Not\u00edcias, o colombiano explicou o imbr\u00f3glio. &#8220;Eu n\u00e3o entrei na justi\u00e7a. Na verdade, vou precisar entrar pra conseguir a minha libera\u00e7\u00e3o. At\u00e9 chegamos a um acordo financeiro, mas n\u00e3o acordamos na minuta. Esse \u00e9 meu \u00faltimo desejo, por toda hist\u00f3ria que tenho no clube, mas preciso da libera\u00e7\u00e3o para assinar com outro clube&#8221;, disse.<\/p>\n\n\n\n<p>Tr\u00e9llez foi contrato para a disputa da S\u00e9rie C em 2022 e foi um dos respons\u00e1veis pelo acesso do Le\u00e3o. No entanto, o atacante foi liberado recentemente ap\u00f3s n\u00e3o fazer parte dos planos do t\u00e9cnico L\u00e9o Cond\u00e9 para a sequ\u00eancia da Segundona.<\/p>\n\n\n\n<p>Fonte: Varela Net <\/p>\n","protected":false},"excerpt":{"rendered":"<p>O atacante Santiago Tr\u00e9llez diz que vai acionar o Vit\u00f3ria na Justi\u00e7a mesmo ap\u00f3s ter assinado a rescis\u00e3o contratual com o clube. Segundo o jogador, os documentos ainda n\u00e3o foram enviados \u00e0 CBF e por isso ele fica impossibilitado de fechar com qualquer outro clube. Em entrevista ao Bahia Not\u00edcias, o colombiano explicou o imbr\u00f3glio. [&hellip;]<\/p>\n","protected":false},"author":2,"featured_media":3418,"comment_status":"open","ping_status":"open","sticky":false,"template":"","format":"standard","meta":{"jnews-multi-image_gallery":[],"jnews_single_post":{"subtitle":"","format":"standard","video":"","gallery":"","source_name":"","source_url":"","via_name":"","via_url":"","override_template":"0","override":[{"template":"1","single_blog_custom":"","parallax":"1","fullscreen":"1","layout":"right-sidebar","sidebar":"default-sidebar","second_sidebar":"default-sidebar","sticky_sidebar":"1","share_position":"top","share_float_style":"share-monocrhome","show_share_counter":"0","show_view_counter":"0","show_featured":"1","show_post_meta":"1","show_post_author":"0","show_post_author_image":"1","show_post_date":"1","post_date_format":"default","post_date_format_custom":"Y\/m\/d","show_post_category":"1","show_post_reading_time":"0","post_reading_time_wpm":"300","show_zoom_button":"0","zoom_button_out_step":"2","zoom_button_in_step":"3","show_post_tag":"1","show_prev_next_post":"1","show_popup_post":"1","number_popup_post":"1","show_author_box":"0","show_post_related":"0","show_inline_post_related":"0"}],"override_image_size":"0","image_override":[{"single_post_thumbnail_size":"no-crop","single_post_gallery_size":"crop-715"}],"trending_post":"0","trending_post_position":"meta","trending_post_label":"Trending","sponsored_post":"0","sponsored_post_label":"Sponsored by","sponsored_post_name":"","sponsored_post_url":"","sponsored_post_logo_enable":"0","sponsored_post_logo":"","sponsored_post_desc":"","disable_ad":"0"},"jnews_primary_category":{"id":"","hide":""},"footnotes":""},"categories":[89],"tags":[],"class_list":["post-3417","post","type-post","status-publish","format-standard","has-post-thumbnail","hentry","category-esportes"],"_links":{"self":[{"href":"https:\/\/cidadebaixaonline.com.br\/index.php\/wp-json\/wp\/v2\/posts\/3417","targetHints":{"allow":["GET"]}}],"collection":[{"href":"https:\/\/cidadebaixaonline.com.br\/index.php\/wp-json\/wp\/v2\/posts"}],"about":[{"href":"https:\/\/cidadebaixaonline.com.br\/index.php\/wp-json\/wp\/v2\/types\/post"}],"author":[{"embeddable":true,"href":"https:\/\/cidadebaixaonline.com.br\/index.php\/wp-json\/wp\/v2\/users\/2"}],"replies":[{"embeddable":true,"href":"https:\/\/cidadebaixaonline.com.br\/index.php\/wp-json\/wp\/v2\/comments?post=3417"}],"version-history":[{"count":1,"href":"https:\/\/cidadebaixaonline.com.br\/index.php\/wp-json\/wp\/v2\/posts\/3417\/revisions"}],"predecessor-version":[{"id":3419,"href":"https:\/\/cidadebaixaonline.com.br\/index.php\/wp-json\/wp\/v2\/posts\/3417\/revisions\/3419"}],"wp:featuredmedia":[{"embeddable":true,"href":"https:\/\/cidadebaixaonline.com.br\/index.php\/wp-json\/wp\/v2\/media\/3418"}],"wp:attachment":[{"href":"https:\/\/cidadebaixaonline.com.br\/index.php\/wp-json\/wp\/v2\/media?parent=3417"}],"wp:term":[{"taxonomy":"category","embeddable":true,"href":"https:\/\/cidadebaixaonline.com.br\/index.php\/wp-json\/wp\/v2\/categories?post=3417"},{"taxonomy":"post_tag","embeddable":true,"href":"https:\/\/cidadebaixaonline.com.br\/index.php\/wp-json\/wp\/v2\/tags?post=3417"}],"curies":[{"name":"wp","href":"https:\/\/api.w.org\/{rel}","templated":true}]}}