{"id":3392,"date":"2023-08-23T15:42:40","date_gmt":"2023-08-23T18:42:40","guid":{"rendered":"https:\/\/cidadebaixaonline.com.br\/?p=3392"},"modified":"2023-08-23T15:42:42","modified_gmt":"2023-08-23T18:42:42","slug":"familia-faz-apelo-por-regulacao-de-crianca-que-ingeriu-soda-caustica","status":"publish","type":"post","link":"https:\/\/cidadebaixaonline.com.br\/index.php\/2023\/08\/23\/familia-faz-apelo-por-regulacao-de-crianca-que-ingeriu-soda-caustica\/","title":{"rendered":"Fam\u00edlia faz apelo por regula\u00e7\u00e3o de crian\u00e7a que ingeriu soda c\u00e1ustica"},"content":{"rendered":"\n<p>A fam\u00edlia de uma crian\u00e7a de 2 anos e 9 meses, internada no Hospital Geral do Estado (HGE) ap\u00f3s ingerir soda c\u00e1ustica, est\u00e1 em busca de uma vaga no Sistema da Central Estadual de Regula\u00e7\u00e3o. O menino, identificado como T. C. S deu entrada na unidade de sa\u00fade h\u00e1 mais de um m\u00eas e precisa ser transferido para outra unidade de sa\u00fade para conseguir dar seguimento ao tratamento.<\/p>\n\n\n\n<p>O acidente aconteceu no dia 19 de julho, na cidade de Eun\u00e1polis, interior da Bahia. Segundo o pai, Jasson Soares, a m\u00e3e da crian\u00e7a estava usando a soda c\u00e1ustica para desentupir o vaso do im\u00f3vel, que fica em um s\u00edtio. Ela teria colocado o produto em cima de um m\u00f3vel da casa, mas a crian\u00e7a pegou a garrafa e ingeriu o l\u00edquido pensando que era leite em p\u00f3.<\/p>\n\n\n\n<p>A crian\u00e7a chegou a ser encaminhada para um hospital de Eun\u00e1polis, onde recebeu os primeiros socorros, mas foi transferido no dia 20 de julho para o HGE, onde est\u00e1 em observa\u00e7\u00e3o desde ent\u00e3o. Ainda segundo a fam\u00edlia, o garoto precisa ser encaminhado para o Hospital Roberto Santos para receber o atendimento adequado e ser submetido a um Raio X com contraste.<\/p>\n\n\n\n<p>Diogo Caldas, tio da crian\u00e7a, explicou que a queimadura causou o fechamento do es\u00f4fago do menino. A crian\u00e7a precisa fazer uma dilata\u00e7\u00e3o esof\u00e1gica para conseguir voltar a se alimentar e o procedimento n\u00e3o \u00e9 realizado no HGE. Em entrevista a TV Bahia, ele fez um apelo por ajuda e falou sobre o quadro de sa\u00fade da crian\u00e7a..<\/p>\n\n\n\n<p>&#8220;Cada dia que passa voc\u00ea v\u00ea ele ficando mais debilitado. S\u00f3 vai enfraquecendo, n\u00e3o est\u00e1 se alimentando. Praticamente todo dia tira sangue dele para fazer exames. E voc\u00ea n\u00e3o aguenta mais ver o sofrimento dele de tanto ele chorar&#8221;, desabafou.<\/p>\n\n\n\n<p>Em nota, a Sesab informou que h\u00e1 uma solicita\u00e7\u00e3o registrada no Sistema da Central Estadual de Regula\u00e7\u00e3o e que, os m\u00e9dicos respons\u00e1veis, j\u00e1 est\u00e3o em busca de uma unidade que atenda as necessidades da crian\u00e7a. &#8220;Eu pe\u00e7o que ajudem a gente a transferi-lo o mais r\u00e1pido poss\u00edvel para o Hospital Roberto Santos&#8221;, clamou o pai do menino.<\/p>\n\n\n\n<p>Fonte: iBahia <\/p>\n","protected":false},"excerpt":{"rendered":"<p>A fam\u00edlia de uma crian\u00e7a de 2 anos e 9 meses, internada no Hospital Geral do Estado (HGE) ap\u00f3s ingerir soda c\u00e1ustica, est\u00e1 em busca de uma vaga no Sistema da Central Estadual de Regula\u00e7\u00e3o. O menino, identificado como T. C. S deu entrada na unidade de sa\u00fade h\u00e1 mais de um m\u00eas e precisa [&hellip;]<\/p>\n","protected":false},"author":2,"featured_media":3393,"comment_status":"open","ping_status":"open","sticky":false,"template":"","format":"standard","meta":{"jnews-multi-image_gallery":[],"jnews_single_post":{"subtitle":"","format":"standard","video":"","gallery":"","source_name":"","source_url":"","via_name":"","via_url":"","override_template":"0","override":[{"template":"1","single_blog_custom":"","parallax":"1","fullscreen":"1","layout":"right-sidebar","sidebar":"default-sidebar","second_sidebar":"default-sidebar","sticky_sidebar":"1","share_position":"top","share_float_style":"share-monocrhome","show_share_counter":"0","show_view_counter":"0","show_featured":"1","show_post_meta":"1","show_post_author":"0","show_post_author_image":"1","show_post_date":"1","post_date_format":"default","post_date_format_custom":"Y\/m\/d","show_post_category":"1","show_post_reading_time":"0","post_reading_time_wpm":"300","show_zoom_button":"0","zoom_button_out_step":"2","zoom_button_in_step":"3","show_post_tag":"1","show_prev_next_post":"1","show_popup_post":"1","number_popup_post":"1","show_author_box":"0","show_post_related":"0","show_inline_post_related":"0"}],"override_image_size":"0","image_override":[{"single_post_thumbnail_size":"no-crop","single_post_gallery_size":"crop-715"}],"trending_post":"0","trending_post_position":"meta","trending_post_label":"Trending","sponsored_post":"0","sponsored_post_label":"Sponsored by","sponsored_post_name":"","sponsored_post_url":"","sponsored_post_logo_enable":"0","sponsored_post_logo":"","sponsored_post_desc":"","disable_ad":"0"},"jnews_primary_category":{"id":"","hide":""},"footnotes":""},"categories":[85],"tags":[],"class_list":["post-3392","post","type-post","status-publish","format-standard","has-post-thumbnail","hentry","category-noticias"],"_links":{"self":[{"href":"https:\/\/cidadebaixaonline.com.br\/index.php\/wp-json\/wp\/v2\/posts\/3392","targetHints":{"allow":["GET"]}}],"collection":[{"href":"https:\/\/cidadebaixaonline.com.br\/index.php\/wp-json\/wp\/v2\/posts"}],"about":[{"href":"https:\/\/cidadebaixaonline.com.br\/index.php\/wp-json\/wp\/v2\/types\/post"}],"author":[{"embeddable":true,"href":"https:\/\/cidadebaixaonline.com.br\/index.php\/wp-json\/wp\/v2\/users\/2"}],"replies":[{"embeddable":true,"href":"https:\/\/cidadebaixaonline.com.br\/index.php\/wp-json\/wp\/v2\/comments?post=3392"}],"version-history":[{"count":1,"href":"https:\/\/cidadebaixaonline.com.br\/index.php\/wp-json\/wp\/v2\/posts\/3392\/revisions"}],"predecessor-version":[{"id":3394,"href":"https:\/\/cidadebaixaonline.com.br\/index.php\/wp-json\/wp\/v2\/posts\/3392\/revisions\/3394"}],"wp:featuredmedia":[{"embeddable":true,"href":"https:\/\/cidadebaixaonline.com.br\/index.php\/wp-json\/wp\/v2\/media\/3393"}],"wp:attachment":[{"href":"https:\/\/cidadebaixaonline.com.br\/index.php\/wp-json\/wp\/v2\/media?parent=3392"}],"wp:term":[{"taxonomy":"category","embeddable":true,"href":"https:\/\/cidadebaixaonline.com.br\/index.php\/wp-json\/wp\/v2\/categories?post=3392"},{"taxonomy":"post_tag","embeddable":true,"href":"https:\/\/cidadebaixaonline.com.br\/index.php\/wp-json\/wp\/v2\/tags?post=3392"}],"curies":[{"name":"wp","href":"https:\/\/api.w.org\/{rel}","templated":true}]}}