{"id":3389,"date":"2023-08-23T15:41:41","date_gmt":"2023-08-23T18:41:41","guid":{"rendered":"https:\/\/cidadebaixaonline.com.br\/?p=3389"},"modified":"2023-08-23T15:41:43","modified_gmt":"2023-08-23T18:41:43","slug":"professor-repreende-aluna-baiana-que-levou-bebe-para-sala-de-aula-de-medicina-nao-pagava-mensalidade","status":"publish","type":"post","link":"https:\/\/cidadebaixaonline.com.br\/index.php\/2023\/08\/23\/professor-repreende-aluna-baiana-que-levou-bebe-para-sala-de-aula-de-medicina-nao-pagava-mensalidade\/","title":{"rendered":"Professor repreende aluna baiana que levou beb\u00ea para sala de aula de medicina: &#8216;n\u00e3o pagava mensalidade&#8217;"},"content":{"rendered":"\n<p>Uma estudante de medicina foi repreendida pelo professor, ao entrar na sala de aula, com a filha de 4 meses, na Universidade Tiradentes (UNIT), em\u00a0Aracaju, capital sergipana.<\/p>\n\n\n\n<p>A mulher, que tem 28 anos e nasceu em\u00a0Salvador, pediu para n\u00e3o ser identificada na reportagem. Segundo ela, o professor disse, na frente dos colegas de sala, que as normas da universidade n\u00e3o permitiam que ela participasse da din\u00e2mica acad\u00eamica.<\/p>\n\n\n\n<p>Em seguida, conforme a estudante, que cursa o 8\u00ba semestre, o professor disse que a menina n\u00e3o poderia ficar na sala de aula com a m\u00e3e, porque \u201cn\u00e3o pagava mensalidade\u201d como os estudantes. <\/p>\n\n\n\n<p>\u201cA sensa\u00e7\u00e3o que tive foi de impot\u00eancia, sentei e continuei assistindo \u00e0 aula, mas n\u00e3o aguentei e sa\u00ed com minha filha para chorar\u201d, contou ao\u00a0g1<strong>.<\/strong> <\/p>\n\n\n\n<p>A estudante se mudou para Aracaju h\u00e1 um ano e meio, quando o marido foi transferido no trabalho.<\/p>\n\n\n\n<p>A situa\u00e7\u00e3o aconteceu na manh\u00e3 da \u00faltima quinta-feira (17), quando ela tinha tutoria \u00e0s 7h30 e n\u00e3o tinha uma pessoa para cuidar da filha at\u00e9 \u00e0s 10h, hor\u00e1rio em que uma bab\u00e1 tomaria conta da beb\u00ea.<\/p>\n\n\n\n<p>De acordo com a baiana, ela encontrou com dois colegas do lado de fora da sala, que a ajudaram. Ap\u00f3s parar de chorar, procurou a coordena\u00e7\u00e3o do curso e relatou o que aconteceu na sala de aula.<\/p>\n\n\n\n<p>\u201cA funcion\u00e1ria me chamou para dentro da sala, ofereceu \u00e1gua e deixou amamentar minha filha. Depois disse que, realmente, as normas n\u00e3o permitem que crian\u00e7as fiquem na sala de aula\u201d, disse.<\/p>\n\n\n\n<p>Segundo a estudante, a funcion\u00e1ria falou que conversaria com a coordenadora em busca de uma resolu\u00e7\u00e3o do problema.<\/p>\n\n\n\n<h2 class=\"wp-block-heading\">Fala foi &#8216;piada&#8217;<\/h2>\n\n\n\n<p>A estudante resolveu voltar para a tutoria com o beb\u00ea e assistiu ao restante da din\u00e2mica. Ao final, disse que contou ao professor e colegas que ficou chateada com a repreens\u00e3o.<\/p>\n\n\n\n<p>\u201cFalei que sa\u00ed da sala de aula porque precisava chorar e que tinha ficado chateada com a forma que ele falou sobre minha filha n\u00e3o pagar mensalidade. Expliquei que eu pagava a mensalidade muito alta e n\u00e3o podia faltar porque n\u00e3o tinha com quem deixar minha filha\u201d.<\/p>\n\n\n\n<p>A estudante disse que o professor se desculpou pela frase dita, a qual chamou de \u201cpiada\u201d.<\/p>\n\n\n\n<p>\u201cEle disse que foi uma maneira de descontrair, que foi uma piada, mas ningu\u00e9m riu na hora\u201d, relatou.<\/p>\n\n\n\n<p>A baiana afirmou ainda que o professor teria dito: \u201cAssim como sua filha \u00e9 uma santa e n\u00e3o chora, poderia ser uma capeta\u201d.<\/p>\n\n\n\n<p>\u201cSe ela come\u00e7asse a chorar na sala de aula, eu seria a primeira a levantar e sair. N\u00e3o permitiria que meus colegas fossem prejudicados\u201d, contou.<\/p>\n\n\n\n<p>No mesmo dia, s\u00f3 que no turno da noite, a estudante precisou levar a filha para uma outra aula. No entanto, dessa vez ela n\u00e3o foi repreendida.<\/p>\n\n\n\n<p>\u201cO professor foi maravilhoso, ainda brincou dizendo que nem parecia que tinha uma beb\u00ea na sala\u201d.<\/p>\n\n\n\n<p>A estudante diz que comunicou, atrav\u00e9s de e-mail, a coordena\u00e7\u00e3o do curso para saber se ela pode levar a beb\u00ea para a aula, caso precise, em car\u00e1ter de urg\u00eancia. A universidade teria respondido que tentaria um parecer sobre a situa\u00e7\u00e3o e enviaria uma resposta, o que n\u00e3o foi feito at\u00e9 a manh\u00e3 desta quarta-feira (23).<\/p>\n\n\n\n<p>\u201cToda vez que precisar levar minha filha para a sala de aula, vou ter que levar. \u00c9 uma necessidade\u201d, pontuou.<\/p>\n\n\n\n<p>O\u00a0g1\u00a0tenta contato com a UNIT, mas n\u00e3o conseguiu at\u00e9 a \u00faltima atualiza\u00e7\u00e3o desta reportagem.<\/p>\n\n\n\n<p>Ap\u00f3s o caso, ao menos, dezessete agremia\u00e7\u00f5es assinaram uma nota de rep\u00fadio, divulgava nas redes sociais, em que cobraram um posicionamento da faculdade e prestaram solidariedade para a colega.<\/p>\n\n\n\n<p>Com a repercuss\u00e3o, a estudante diz que recebeu um e-mail da institui\u00e7\u00e3o, em que a UNIT diz que o caso ser\u00e1 apurado. <\/p>\n\n\n\n<p>Fonte: iBahia <\/p>\n\n\n\n<p><\/p>\n","protected":false},"excerpt":{"rendered":"<p>Uma estudante de medicina foi repreendida pelo professor, ao entrar na sala de aula, com a filha de 4 meses, na Universidade Tiradentes (UNIT), em\u00a0Aracaju, capital sergipana. A mulher, que tem 28 anos e nasceu em\u00a0Salvador, pediu para n\u00e3o ser identificada na reportagem. Segundo ela, o professor disse, na frente dos colegas de sala, que [&hellip;]<\/p>\n","protected":false},"author":2,"featured_media":3390,"comment_status":"open","ping_status":"open","sticky":false,"template":"","format":"standard","meta":{"jnews-multi-image_gallery":[],"jnews_single_post":{"subtitle":"","format":"standard","video":"","gallery":"","source_name":"","source_url":"","via_name":"","via_url":"","override_template":"0","override":[{"template":"1","single_blog_custom":"","parallax":"1","fullscreen":"1","layout":"right-sidebar","sidebar":"default-sidebar","second_sidebar":"default-sidebar","sticky_sidebar":"1","share_position":"top","share_float_style":"share-monocrhome","show_share_counter":"0","show_view_counter":"0","show_featured":"1","show_post_meta":"1","show_post_author":"0","show_post_author_image":"1","show_post_date":"1","post_date_format":"default","post_date_format_custom":"Y\/m\/d","show_post_category":"1","show_post_reading_time":"0","post_reading_time_wpm":"300","show_zoom_button":"0","zoom_button_out_step":"2","zoom_button_in_step":"3","show_post_tag":"1","show_prev_next_post":"1","show_popup_post":"1","number_popup_post":"1","show_author_box":"0","show_post_related":"0","show_inline_post_related":"0"}],"override_image_size":"0","image_override":[{"single_post_thumbnail_size":"no-crop","single_post_gallery_size":"crop-715"}],"trending_post":"0","trending_post_position":"meta","trending_post_label":"Trending","sponsored_post":"0","sponsored_post_label":"Sponsored by","sponsored_post_name":"","sponsored_post_url":"","sponsored_post_logo_enable":"0","sponsored_post_logo":"","sponsored_post_desc":"","disable_ad":"0"},"jnews_primary_category":{"id":"","hide":""},"footnotes":""},"categories":[85],"tags":[],"class_list":["post-3389","post","type-post","status-publish","format-standard","has-post-thumbnail","hentry","category-noticias"],"_links":{"self":[{"href":"https:\/\/cidadebaixaonline.com.br\/index.php\/wp-json\/wp\/v2\/posts\/3389","targetHints":{"allow":["GET"]}}],"collection":[{"href":"https:\/\/cidadebaixaonline.com.br\/index.php\/wp-json\/wp\/v2\/posts"}],"about":[{"href":"https:\/\/cidadebaixaonline.com.br\/index.php\/wp-json\/wp\/v2\/types\/post"}],"author":[{"embeddable":true,"href":"https:\/\/cidadebaixaonline.com.br\/index.php\/wp-json\/wp\/v2\/users\/2"}],"replies":[{"embeddable":true,"href":"https:\/\/cidadebaixaonline.com.br\/index.php\/wp-json\/wp\/v2\/comments?post=3389"}],"version-history":[{"count":1,"href":"https:\/\/cidadebaixaonline.com.br\/index.php\/wp-json\/wp\/v2\/posts\/3389\/revisions"}],"predecessor-version":[{"id":3391,"href":"https:\/\/cidadebaixaonline.com.br\/index.php\/wp-json\/wp\/v2\/posts\/3389\/revisions\/3391"}],"wp:featuredmedia":[{"embeddable":true,"href":"https:\/\/cidadebaixaonline.com.br\/index.php\/wp-json\/wp\/v2\/media\/3390"}],"wp:attachment":[{"href":"https:\/\/cidadebaixaonline.com.br\/index.php\/wp-json\/wp\/v2\/media?parent=3389"}],"wp:term":[{"taxonomy":"category","embeddable":true,"href":"https:\/\/cidadebaixaonline.com.br\/index.php\/wp-json\/wp\/v2\/categories?post=3389"},{"taxonomy":"post_tag","embeddable":true,"href":"https:\/\/cidadebaixaonline.com.br\/index.php\/wp-json\/wp\/v2\/tags?post=3389"}],"curies":[{"name":"wp","href":"https:\/\/api.w.org\/{rel}","templated":true}]}}