{"id":3386,"date":"2023-08-23T15:39:23","date_gmt":"2023-08-23T18:39:23","guid":{"rendered":"https:\/\/cidadebaixaonline.com.br\/?p=3386"},"modified":"2023-08-23T15:39:25","modified_gmt":"2023-08-23T18:39:25","slug":"preta-gil-recebe-visita-do-filho-em-hospital-meu-bebe","status":"publish","type":"post","link":"https:\/\/cidadebaixaonline.com.br\/index.php\/2023\/08\/23\/preta-gil-recebe-visita-do-filho-em-hospital-meu-bebe\/","title":{"rendered":"Preta Gil recebe visita do filho em hospital: &#8216;Meu beb\u00ea&#8217;"},"content":{"rendered":"\n<p>A cantora Preta Gil est\u00e1 recebendo o amor dos filhos enquanto se recupera da\u00a0cirurgia de remo\u00e7\u00e3o do tumor no intestino. Nesta quarta-feira (23), ela postou uma foto com Francisco Gil, no quarto do hospital S\u00edrio-Liban\u00eas, em S\u00e3o Paulo , onde est\u00e1 internada desde o dia 13 de agosto.<\/p>\n\n\n\n<p>&#8220;Meu beb\u00ea&#8221;, brincou Preta sobre o filho. <\/p>\n\n\n\n<p>Al\u00e9m de Francisco, Preta tamb\u00e9m tem sido apoiada de perto por outras pessoas da fam\u00edlia. Flora Gil, madrasta da cantora, tem\u00a0estado constantemente com ela e atualizado o quadro de sa\u00fade\u00a0da filha de Gilberto Gil. Quem tamb\u00e9m esteve acompanhando todo o processo foi o amigo da artista,\u00a0Gominho, que chegou a pedir demiss\u00e3o em uma r\u00e1dio de Salvador\u00a0para estar ao lado de Preta durante o processo.<\/p>\n\n\n\n<p>Na ter\u00e7a-feira (22), Preta Gil se pronunciou pelas redes sociais e afirmou\u00a0que exames indicam que j\u00e1 n\u00e3o existem c\u00e9lulas cancer\u00edgenas no corpo dela, mas que ainda precisa de cuidados especiais.<\/p>\n\n\n\n<p>&#8220;Somente ontem tivemos o resultado de que sim, meu corpo est\u00e1 livre de c\u00e9lulas cancer\u00edgenas. A cirurgia foi um sucesso, a gente teve remo\u00e7\u00e3o total do tumor com margem e isso quer dizer que, no momento o meu corpo est\u00e1 livre dessas c\u00e9lulas, mas a cura \u00e9 um processo, a cura ainda envolve reabilita\u00e7\u00e3o que eu tenho que fazer&#8221;, disse em parte do v\u00eddeo publicado.<\/p>\n\n\n\n<p>Preta Gil realizou uma cirurgia para a retirada de um tumor no intestino, descoberto no in\u00edcio deste ano. O procedimento durou mais de 14 horas.<\/p>\n\n\n\n<p>Fonte: iBahia <\/p>\n","protected":false},"excerpt":{"rendered":"<p>A cantora Preta Gil est\u00e1 recebendo o amor dos filhos enquanto se recupera da\u00a0cirurgia de remo\u00e7\u00e3o do tumor no intestino. Nesta quarta-feira (23), ela postou uma foto com Francisco Gil, no quarto do hospital S\u00edrio-Liban\u00eas, em S\u00e3o Paulo , onde est\u00e1 internada desde o dia 13 de agosto. &#8220;Meu beb\u00ea&#8221;, brincou Preta sobre o filho. [&hellip;]<\/p>\n","protected":false},"author":2,"featured_media":3387,"comment_status":"open","ping_status":"open","sticky":false,"template":"","format":"standard","meta":{"jnews-multi-image_gallery":[],"jnews_single_post":{"subtitle":"","format":"standard","video":"","gallery":"","source_name":"","source_url":"","via_name":"","via_url":"","override_template":"0","override":[{"template":"1","single_blog_custom":"","parallax":"1","fullscreen":"1","layout":"right-sidebar","sidebar":"default-sidebar","second_sidebar":"default-sidebar","sticky_sidebar":"1","share_position":"top","share_float_style":"share-monocrhome","show_share_counter":"0","show_view_counter":"0","show_featured":"1","show_post_meta":"1","show_post_author":"0","show_post_author_image":"1","show_post_date":"1","post_date_format":"default","post_date_format_custom":"Y\/m\/d","show_post_category":"1","show_post_reading_time":"0","post_reading_time_wpm":"300","show_zoom_button":"0","zoom_button_out_step":"2","zoom_button_in_step":"3","show_post_tag":"1","show_prev_next_post":"1","show_popup_post":"1","number_popup_post":"1","show_author_box":"0","show_post_related":"0","show_inline_post_related":"0"}],"override_image_size":"0","image_override":[{"single_post_thumbnail_size":"no-crop","single_post_gallery_size":"crop-715"}],"trending_post":"0","trending_post_position":"meta","trending_post_label":"Trending","sponsored_post":"0","sponsored_post_label":"Sponsored by","sponsored_post_name":"","sponsored_post_url":"","sponsored_post_logo_enable":"0","sponsored_post_logo":"","sponsored_post_desc":"","disable_ad":"0"},"jnews_primary_category":{"id":"","hide":""},"footnotes":""},"categories":[93],"tags":[],"class_list":["post-3386","post","type-post","status-publish","format-standard","has-post-thumbnail","hentry","category-entretenimento"],"_links":{"self":[{"href":"https:\/\/cidadebaixaonline.com.br\/index.php\/wp-json\/wp\/v2\/posts\/3386","targetHints":{"allow":["GET"]}}],"collection":[{"href":"https:\/\/cidadebaixaonline.com.br\/index.php\/wp-json\/wp\/v2\/posts"}],"about":[{"href":"https:\/\/cidadebaixaonline.com.br\/index.php\/wp-json\/wp\/v2\/types\/post"}],"author":[{"embeddable":true,"href":"https:\/\/cidadebaixaonline.com.br\/index.php\/wp-json\/wp\/v2\/users\/2"}],"replies":[{"embeddable":true,"href":"https:\/\/cidadebaixaonline.com.br\/index.php\/wp-json\/wp\/v2\/comments?post=3386"}],"version-history":[{"count":1,"href":"https:\/\/cidadebaixaonline.com.br\/index.php\/wp-json\/wp\/v2\/posts\/3386\/revisions"}],"predecessor-version":[{"id":3388,"href":"https:\/\/cidadebaixaonline.com.br\/index.php\/wp-json\/wp\/v2\/posts\/3386\/revisions\/3388"}],"wp:featuredmedia":[{"embeddable":true,"href":"https:\/\/cidadebaixaonline.com.br\/index.php\/wp-json\/wp\/v2\/media\/3387"}],"wp:attachment":[{"href":"https:\/\/cidadebaixaonline.com.br\/index.php\/wp-json\/wp\/v2\/media?parent=3386"}],"wp:term":[{"taxonomy":"category","embeddable":true,"href":"https:\/\/cidadebaixaonline.com.br\/index.php\/wp-json\/wp\/v2\/categories?post=3386"},{"taxonomy":"post_tag","embeddable":true,"href":"https:\/\/cidadebaixaonline.com.br\/index.php\/wp-json\/wp\/v2\/tags?post=3386"}],"curies":[{"name":"wp","href":"https:\/\/api.w.org\/{rel}","templated":true}]}}