{"id":3352,"date":"2023-08-23T09:58:17","date_gmt":"2023-08-23T12:58:17","guid":{"rendered":"https:\/\/cidadebaixaonline.com.br\/?p=3352"},"modified":"2023-08-23T09:58:19","modified_gmt":"2023-08-23T12:58:19","slug":"vereadora-viuva-de-marielle-franco-registra-ameaca-de-estupro","status":"publish","type":"post","link":"https:\/\/cidadebaixaonline.com.br\/index.php\/2023\/08\/23\/vereadora-viuva-de-marielle-franco-registra-ameaca-de-estupro\/","title":{"rendered":"Vereadora vi\u00fava de Marielle Franco registra amea\u00e7a de estupro"},"content":{"rendered":"\n<p>A vereadora carioca Monica Benicio (Psol), vi\u00fava da vereadora Marielle Franco, registrou uma queixa-crime na tarde desta ter\u00e7a-feira (22), no Rio de Janeiro, por amea\u00e7a de um estupro corretivo, recebida pela internet. O caso foi apresentado na Delegacia de Crimes Raciais e Delitos de Intoler\u00e2ncia (Decradi).<\/p>\n\n\n\n<p>Segundo a vereadora, no \u00faltimo dia 14, recebeu uma mensagem enviada por e-mail que utiliza como parte dos trabalhos parlamentares. O autor se identifica como Astolfo Bozz\u00f4nio Rodrigues. Na queixa-crime, a vereadora explica n\u00e3o saber se essa \u00e9 uma identidade real, e ressalta que h\u00e1 uma conta vinculada a esse nome na rede social X (antigo Twitter), com publica\u00e7\u00f5es homof\u00f3bicas.<\/p>\n\n\n\n<p>A mensagem, que foi anexada \u00e0 queixa-crime, tem teor lesbof\u00f3bico. \u201cEle diz que ser uma mulher l\u00e9sbica \u00e9 uma aberra\u00e7\u00e3o\u201d, cita a vereadora, que foi amea\u00e7ada de estupro corretivo.&nbsp;<\/p>\n\n\n\n<p>Amea\u00e7a<br>\u201cEstupro corretivo \u00e9, infelizmente, uma realidade para n\u00f3s, mulheres l\u00e9sbicas, em uma sociedade que acha que o corpo da mulher deve ser exclusivamente posse de um homem. Quando isso foge \u00e0 norma, \u00e9 tido como uma aberra\u00e7\u00e3o, o estupro corretivo seria a pr\u00e1tica de um estupro em uma mulher l\u00e9sbica para persuadi-la a deixar de ser l\u00e9sbica, como se isso fosse algo poss\u00edvel de ser feito, cometendo mais uma viol\u00eancia\u201d, lamenta.<\/p>\n\n\n\n<p>\u201cO e-mail descrevia, inclusive, como seria o crime, algo muito violento n\u00e3o s\u00f3 para uma mulher l\u00e9sbica, mas para as mulheres como um todo\u201d, se indigna Monica.&nbsp;<\/p>\n\n\n\n<p>\u201cAcho que \u00e9 importante que a gente demande sempre que ser l\u00e9sbica n\u00e3o \u00e9 uma doen\u00e7a, e o estupro corretivo \u00e9 crime\u201d, enfatiza.&nbsp;<\/p>\n\n\n\n<p>Visibilidade<br>A vereadora contou que recebe amea\u00e7as desde 2018, quando come\u00e7ou a cobrar justi\u00e7a pela morte de Marielle, mas agora foi a primeira vez que recebeu uma nesse teor. O autor chegou a dizer que sabia onde morava a vereadora, sem, no entanto, dizer o endere\u00e7o. Ela acredita que a lesbofobia est\u00e1 ligada tamb\u00e9m ao m\u00eas da visibilidade l\u00e9sbica.<\/p>\n\n\n\n<p>\u201cN\u00e3o \u00e9 um acaso que viol\u00eancia como essa seja cometida no m\u00eas de agosto, que \u00e9 o m\u00eas da visibilidade l\u00e9sbica. Meu mandato vem fazendo uma s\u00e9rie de a\u00e7\u00f5es para visibilizar a luta e a exist\u00eancia das mulheres l\u00e9sbicas, e a gente vai seguir nessa luta porque n\u00e3o tem intimida\u00e7\u00e3o poss\u00edvel que fa\u00e7a a gente retroceder da luta pelos nossos direitos\u201d.<\/p>\n\n\n\n<p>A vereadora diz que adota medidas de seguran\u00e7a no dia a dia e faz parte do programa de prote\u00e7\u00e3o de defensores dos direitos humanos, al\u00e9m de ter concedida uma medida cautelar de prote\u00e7\u00e3o pela Comiss\u00e3o Interamericana de Direitos Humanos.<\/p>\n\n\n\n<p>De acordo com a vereadora, a delegada titular de Decradi, Rita de Cassia Salim Tavares, informou que vai buscar o IP (endere\u00e7o exclusivo que identifica um dispositivo na internet) do computador que mandou a mensagem a fim de identificar quem a enviou. Segundo o advogado da vereadora, est\u00e3o sendo investigados crimes como racismo (ao qual \u00e9 equiparada a LGBTfobia), amea\u00e7a, intoler\u00e2ncia e viol\u00eancia pol\u00edtica de g\u00eanero. Segundo a Pol\u00edcia Civil, agentes realizam dilig\u00eancias para apurar os fatos.<\/p>\n","protected":false},"excerpt":{"rendered":"<p>A vereadora carioca Monica Benicio (Psol), vi\u00fava da vereadora Marielle Franco, registrou uma queixa-crime na tarde desta ter\u00e7a-feira (22), no Rio de Janeiro, por amea\u00e7a de um estupro corretivo, recebida pela internet. O caso foi apresentado na Delegacia de Crimes Raciais e Delitos de Intoler\u00e2ncia (Decradi). Segundo a vereadora, no \u00faltimo dia 14, recebeu uma [&hellip;]<\/p>\n","protected":false},"author":2,"featured_media":3353,"comment_status":"open","ping_status":"open","sticky":false,"template":"","format":"standard","meta":{"jnews-multi-image_gallery":[],"jnews_single_post":{"subtitle":"","format":"standard","video":"","gallery":"","source_name":"","source_url":"","via_name":"","via_url":"","override_template":"0","override":[{"template":"1","single_blog_custom":"","parallax":"1","fullscreen":"1","layout":"right-sidebar","sidebar":"default-sidebar","second_sidebar":"default-sidebar","sticky_sidebar":"1","share_position":"top","share_float_style":"share-monocrhome","show_share_counter":"0","show_view_counter":"0","show_featured":"1","show_post_meta":"1","show_post_author":"0","show_post_author_image":"1","show_post_date":"1","post_date_format":"default","post_date_format_custom":"Y\/m\/d","show_post_category":"1","show_post_reading_time":"0","post_reading_time_wpm":"300","show_zoom_button":"0","zoom_button_out_step":"2","zoom_button_in_step":"3","show_post_tag":"1","show_prev_next_post":"1","show_popup_post":"1","number_popup_post":"1","show_author_box":"0","show_post_related":"0","show_inline_post_related":"0"}],"override_image_size":"0","image_override":[{"single_post_thumbnail_size":"no-crop","single_post_gallery_size":"crop-715"}],"trending_post":"0","trending_post_position":"meta","trending_post_label":"Trending","sponsored_post":"0","sponsored_post_label":"Sponsored by","sponsored_post_name":"","sponsored_post_url":"","sponsored_post_logo_enable":"0","sponsored_post_logo":"","sponsored_post_desc":"","disable_ad":"0"},"jnews_primary_category":{"id":"","hide":""},"footnotes":""},"categories":[85,91],"tags":[],"class_list":["post-3352","post","type-post","status-publish","format-standard","has-post-thumbnail","hentry","category-noticias","category-politica"],"_links":{"self":[{"href":"https:\/\/cidadebaixaonline.com.br\/index.php\/wp-json\/wp\/v2\/posts\/3352","targetHints":{"allow":["GET"]}}],"collection":[{"href":"https:\/\/cidadebaixaonline.com.br\/index.php\/wp-json\/wp\/v2\/posts"}],"about":[{"href":"https:\/\/cidadebaixaonline.com.br\/index.php\/wp-json\/wp\/v2\/types\/post"}],"author":[{"embeddable":true,"href":"https:\/\/cidadebaixaonline.com.br\/index.php\/wp-json\/wp\/v2\/users\/2"}],"replies":[{"embeddable":true,"href":"https:\/\/cidadebaixaonline.com.br\/index.php\/wp-json\/wp\/v2\/comments?post=3352"}],"version-history":[{"count":1,"href":"https:\/\/cidadebaixaonline.com.br\/index.php\/wp-json\/wp\/v2\/posts\/3352\/revisions"}],"predecessor-version":[{"id":3354,"href":"https:\/\/cidadebaixaonline.com.br\/index.php\/wp-json\/wp\/v2\/posts\/3352\/revisions\/3354"}],"wp:featuredmedia":[{"embeddable":true,"href":"https:\/\/cidadebaixaonline.com.br\/index.php\/wp-json\/wp\/v2\/media\/3353"}],"wp:attachment":[{"href":"https:\/\/cidadebaixaonline.com.br\/index.php\/wp-json\/wp\/v2\/media?parent=3352"}],"wp:term":[{"taxonomy":"category","embeddable":true,"href":"https:\/\/cidadebaixaonline.com.br\/index.php\/wp-json\/wp\/v2\/categories?post=3352"},{"taxonomy":"post_tag","embeddable":true,"href":"https:\/\/cidadebaixaonline.com.br\/index.php\/wp-json\/wp\/v2\/tags?post=3352"}],"curies":[{"name":"wp","href":"https:\/\/api.w.org\/{rel}","templated":true}]}}