{"id":3328,"date":"2023-08-22T14:55:15","date_gmt":"2023-08-22T17:55:15","guid":{"rendered":"https:\/\/cidadebaixaonline.com.br\/?p=3328"},"modified":"2023-08-22T14:55:17","modified_gmt":"2023-08-22T17:55:17","slug":"prefeitura-inicia-obras-de-requalificacao-em-rua-na-barra","status":"publish","type":"post","link":"https:\/\/cidadebaixaonline.com.br\/index.php\/2023\/08\/22\/prefeitura-inicia-obras-de-requalificacao-em-rua-na-barra\/","title":{"rendered":"Prefeitura inicia obras de requalifica\u00e7\u00e3o em rua na Barra"},"content":{"rendered":"\n<p>A Prefeitura de Salvador vai realizar obras de requalifica\u00e7\u00e3o da Rua Afonso Celso, uma das principais vias de acesso \u00e0 orla da Barra e a pontos tur\u00edsticos da capital baiana, como o Farol da Barra.<\/p>\n\n\n\n<p>O prefeito Bruno Reis (Uni\u00e3o Brasil) esteve na localidade nesta ter\u00e7a-feira, 22, para assinar a ordem de servi\u00e7o da interven\u00e7\u00e3o, que envolver\u00e1 melhorias na pavimenta\u00e7\u00e3o e a instala\u00e7\u00e3o de mobili\u00e1rios urbanos, que v\u00e3o priorizar o deslocamento de pedestres e a acessibilidade. Ao todo, a gest\u00e3o municipal investir\u00e1 R$ 2,5 milh\u00f5es.<\/p>\n\n\n\n<p>Bruno Reis disse que a \u00e1rea da Afonso Celso \u00e9 uma das mais importantes para o setor tur\u00edstico, sendo um dos principais pontos de visita\u00e7\u00e3o dos pr\u00f3prios soteropolitanos nos finais de semana. Nos \u00faltimos anos, v\u00e1rios empreendimentos, tanto os comerciais como os imobili\u00e1rios residenciais ou de hotelaria, foram licenciados pela Prefeitura para constru\u00e7\u00e3o, e essa requalifica\u00e7\u00e3o da infraestrutura vai ajudar a manter o desenvolvimento, segundo Bruno Reis. \u201cIsso significa que mais pessoas v\u00e3o morar e v\u00e3o consumir produtos e servi\u00e7os aqui na Barra\u201d, afirmou o prefeito de Salvador.<\/p>\n\n\n\n<p>\u201cAqui est\u00e3o surgindo v\u00e1rios empreendimentos. Vejam a\u00ed ao redor, quantos pr\u00e9dios j\u00e1 foram entregues e quantos est\u00e3o em constru\u00e7\u00e3o. Portanto, essa requalifica\u00e7\u00e3o vai potencializar ainda mais a chegada de outros empreendimentos e, consequentemente, a chegada de novos neg\u00f3cios. A gente sabe que essas obras geram empregos na sua execu\u00e7\u00e3o e, depois, estimulam a chegada de lojas, restaurantes, com\u00e9rcios em geral no entorno\u201d, concluiu o chefe do Executivo Municipal.<\/p>\n\n\n\n<p>O projeto abranger\u00e1 os 600 metros de extens\u00e3o da Afonso Celso, e envolve desde a troca da pavimenta\u00e7\u00e3o asf\u00e1ltica da faixa destinada aos ve\u00edculos at\u00e9 a implanta\u00e7\u00e3o de piso intertravado em determinados trechos, sobretudo bols\u00f5es de estacionamento e pontos de \u00f4nibus. As cal\u00e7adas ser\u00e3o remodeladas para ficarem mais largas, garantindo mais espa\u00e7o para pedestres e possibilitando melhor mobilidade para cadeirantes e pessoas com dificuldades de locomo\u00e7\u00e3o.<\/p>\n\n\n\n<p>A interven\u00e7\u00e3o contempla ainda uma nova baia de \u00f4nibus para a via, refor\u00e7o do sistema de microdrenagem, com execu\u00e7\u00e3o de 2,2 mil metros de extens\u00e3o de sarjeta, instala\u00e7\u00e3o de 20 lixeiras e 36 balizadores de tr\u00e2nsito. A cal\u00e7ada ser\u00e1 nivelada \u00e0 altura da pista de rolamento. O prazo para a conclus\u00e3o das obras \u00e9 de tr\u00eas meses.<\/p>\n\n\n\n<p>O projeto urban\u00edstico da Afonso Celso foi elaborado pela Funda\u00e7\u00e3o M\u00e1rio Leal Ferreira (FMLF). J\u00e1 as obras ser\u00e3o efetuadas pela Secretaria de Manuten\u00e7\u00e3o da Cidade (Seman).<\/p>\n\n\n\n<p>\u201c\u00c9 uma iniciativa voltada para acessibilidade. A via \u00e9 caracterizada por uma alameda de amendoeiras cujos troncos tomaram toda a \u00e1rea dos passeios ao longo dos anos, dificultando a passagem do pedestre e impedindo a circula\u00e7\u00e3o de pessoas com defici\u00eancia, sobretudo, o cadeirante. Por outro lado, era importante preservarmos todas as \u00e1rvores e, para isso, os passeios foram alargados. Al\u00e9m disso, ser\u00e3o marcadas as \u00e1reas das vagas de carro com pavimenta\u00e7\u00e3o espec\u00edfica que se diferencia do asfalto das vias de rolamento que ser\u00e3o recapeadas\u201d, explica a presidente da FMLF, T\u00e2nia Scofield.<\/p>\n","protected":false},"excerpt":{"rendered":"<p>A Prefeitura de Salvador vai realizar obras de requalifica\u00e7\u00e3o da Rua Afonso Celso, uma das principais vias de acesso \u00e0 orla da Barra e a pontos tur\u00edsticos da capital baiana, como o Farol da Barra. O prefeito Bruno Reis (Uni\u00e3o Brasil) esteve na localidade nesta ter\u00e7a-feira, 22, para assinar a ordem de servi\u00e7o da interven\u00e7\u00e3o, [&hellip;]<\/p>\n","protected":false},"author":2,"featured_media":3329,"comment_status":"open","ping_status":"open","sticky":false,"template":"","format":"standard","meta":{"jnews-multi-image_gallery":[],"jnews_single_post":{"subtitle":"","format":"standard","video":"","gallery":"","source_name":"","source_url":"","via_name":"","via_url":"","override_template":"0","override":[{"template":"1","single_blog_custom":"","parallax":"1","fullscreen":"1","layout":"right-sidebar","sidebar":"default-sidebar","second_sidebar":"default-sidebar","sticky_sidebar":"1","share_position":"top","share_float_style":"share-monocrhome","show_share_counter":"0","show_view_counter":"0","show_featured":"1","show_post_meta":"1","show_post_author":"0","show_post_author_image":"1","show_post_date":"1","post_date_format":"default","post_date_format_custom":"Y\/m\/d","show_post_category":"1","show_post_reading_time":"0","post_reading_time_wpm":"300","show_zoom_button":"0","zoom_button_out_step":"2","zoom_button_in_step":"3","show_post_tag":"1","show_prev_next_post":"1","show_popup_post":"1","number_popup_post":"1","show_author_box":"0","show_post_related":"0","show_inline_post_related":"0"}],"override_image_size":"0","image_override":[{"single_post_thumbnail_size":"no-crop","single_post_gallery_size":"crop-715"}],"trending_post":"0","trending_post_position":"meta","trending_post_label":"Trending","sponsored_post":"0","sponsored_post_label":"Sponsored by","sponsored_post_name":"","sponsored_post_url":"","sponsored_post_logo_enable":"0","sponsored_post_logo":"","sponsored_post_desc":"","disable_ad":"0"},"jnews_primary_category":{"id":"","hide":""},"footnotes":""},"categories":[85,91],"tags":[],"class_list":["post-3328","post","type-post","status-publish","format-standard","has-post-thumbnail","hentry","category-noticias","category-politica"],"_links":{"self":[{"href":"https:\/\/cidadebaixaonline.com.br\/index.php\/wp-json\/wp\/v2\/posts\/3328","targetHints":{"allow":["GET"]}}],"collection":[{"href":"https:\/\/cidadebaixaonline.com.br\/index.php\/wp-json\/wp\/v2\/posts"}],"about":[{"href":"https:\/\/cidadebaixaonline.com.br\/index.php\/wp-json\/wp\/v2\/types\/post"}],"author":[{"embeddable":true,"href":"https:\/\/cidadebaixaonline.com.br\/index.php\/wp-json\/wp\/v2\/users\/2"}],"replies":[{"embeddable":true,"href":"https:\/\/cidadebaixaonline.com.br\/index.php\/wp-json\/wp\/v2\/comments?post=3328"}],"version-history":[{"count":0,"href":"https:\/\/cidadebaixaonline.com.br\/index.php\/wp-json\/wp\/v2\/posts\/3328\/revisions"}],"wp:featuredmedia":[{"embeddable":true,"href":"https:\/\/cidadebaixaonline.com.br\/index.php\/wp-json\/wp\/v2\/media\/3329"}],"wp:attachment":[{"href":"https:\/\/cidadebaixaonline.com.br\/index.php\/wp-json\/wp\/v2\/media?parent=3328"}],"wp:term":[{"taxonomy":"category","embeddable":true,"href":"https:\/\/cidadebaixaonline.com.br\/index.php\/wp-json\/wp\/v2\/categories?post=3328"},{"taxonomy":"post_tag","embeddable":true,"href":"https:\/\/cidadebaixaonline.com.br\/index.php\/wp-json\/wp\/v2\/tags?post=3328"}],"curies":[{"name":"wp","href":"https:\/\/api.w.org\/{rel}","templated":true}]}}