{"id":3325,"date":"2023-08-22T14:30:31","date_gmt":"2023-08-22T17:30:31","guid":{"rendered":"https:\/\/cidadebaixaonline.com.br\/?p=3325"},"modified":"2023-08-22T14:30:33","modified_gmt":"2023-08-22T17:30:33","slug":"bivar-tomou-uma-decisao-unilateral-diz-bruno-reis-sobre-embate-interno-no-uniao-brasil","status":"publish","type":"post","link":"https:\/\/cidadebaixaonline.com.br\/index.php\/2023\/08\/22\/bivar-tomou-uma-decisao-unilateral-diz-bruno-reis-sobre-embate-interno-no-uniao-brasil\/","title":{"rendered":"&#8220;Bivar tomou uma decis\u00e3o unilateral&#8221;, diz Bruno Reis sobre embate interno no Uni\u00e3o Brasil"},"content":{"rendered":"\n<p><br>O &#8220;racha interno&#8221; no Uni\u00e3o Brasil foi causado por uma &#8220;decis\u00e3o unilateral&#8221; do atual presidente da legenda, Luciano Bivar, segundo o prefeito de Salvador, Bruno Reis (Uni\u00e3o). Bruno ressaltou que a medida de alterar a comiss\u00e3o provis\u00f3ria do Amazonas foi o estopim.\u00a0<\/p>\n\n\n\n<p>&#8220;Estatutariamente, qualquer decis\u00e3o, em rela\u00e7\u00e3o \u00e0s composi\u00e7\u00f5es partid\u00e1rias nos estados e cidades tem que ser aprovada por 60% da comiss\u00e3o instituidora. Cometeu uma ilegalidade e fomos \u00e0 justi\u00e7a. Conseguimos a decis\u00e3o no mandado de seguran\u00e7a que suspendeu essa substitui\u00e7\u00e3o e resultou, naturalmente, em uma discuss\u00e3o interna, para que o estatuto seja respeitado. Toda vez que isso ocorrer, adotaremos a mesma posi\u00e7\u00e3o&#8221;, comentou.\u00a0<\/p>\n\n\n\n<p>A \u201cguerra\u201d aberta entre os grupos de ACM Neto e do deputado federal e presidente nacional do Uni\u00e3o Brasil, Luciano Bivar, aumentou o clima de tens\u00e3o na c\u00fapula da Uni\u00e3o Brasil. O embate contou com cartas internas a parlamentares.\u00a0<\/p>\n\n\n\n<p>Aliado de Bruno, o ex-prefeito de Salvador,\u00a0ACM fez quest\u00e3o de ressaltar tamb\u00e9m que n\u00e3o pretende ser candidato em uma eventual disputa com Bivar. O mandato do atual presidente vai at\u00e9 maio de 2024. &#8220;A carta \u00e9 uma rea\u00e7\u00e3o \u00e0 tentativa dele de rasgar o estatuto do partido. N\u00e3o tenho pretens\u00e3o de disputar a presid\u00eancia n\u00e3o, mas de tornar o processo decis\u00f3rio mais democr\u00e1tico, inclusive com a amplia\u00e7\u00e3o da participa\u00e7\u00e3o dos parlamentares no comando do partido&#8221;.<\/p>\n\n\n\n<p>Fonte: Bahia Not\u00edcias <\/p>\n","protected":false},"excerpt":{"rendered":"<p>O &#8220;racha interno&#8221; no Uni\u00e3o Brasil foi causado por uma &#8220;decis\u00e3o unilateral&#8221; do atual presidente da legenda, Luciano Bivar, segundo o prefeito de Salvador, Bruno Reis (Uni\u00e3o). Bruno ressaltou que a medida de alterar a comiss\u00e3o provis\u00f3ria do Amazonas foi o estopim.\u00a0 &#8220;Estatutariamente, qualquer decis\u00e3o, em rela\u00e7\u00e3o \u00e0s composi\u00e7\u00f5es partid\u00e1rias nos estados e cidades tem [&hellip;]<\/p>\n","protected":false},"author":2,"featured_media":3326,"comment_status":"open","ping_status":"open","sticky":false,"template":"","format":"standard","meta":{"jnews-multi-image_gallery":[],"jnews_single_post":{"subtitle":"","format":"standard","video":"","gallery":"","source_name":"","source_url":"","via_name":"","via_url":"","override_template":"0","override":[{"template":"1","single_blog_custom":"","parallax":"1","fullscreen":"1","layout":"right-sidebar","sidebar":"default-sidebar","second_sidebar":"default-sidebar","sticky_sidebar":"1","share_position":"top","share_float_style":"share-monocrhome","show_share_counter":"0","show_view_counter":"0","show_featured":"1","show_post_meta":"1","show_post_author":"0","show_post_author_image":"1","show_post_date":"1","post_date_format":"default","post_date_format_custom":"Y\/m\/d","show_post_category":"1","show_post_reading_time":"0","post_reading_time_wpm":"300","show_zoom_button":"0","zoom_button_out_step":"2","zoom_button_in_step":"3","show_post_tag":"1","show_prev_next_post":"1","show_popup_post":"1","number_popup_post":"1","show_author_box":"0","show_post_related":"0","show_inline_post_related":"0"}],"override_image_size":"0","image_override":[{"single_post_thumbnail_size":"no-crop","single_post_gallery_size":"crop-715"}],"trending_post":"0","trending_post_position":"meta","trending_post_label":"Trending","sponsored_post":"0","sponsored_post_label":"Sponsored by","sponsored_post_name":"","sponsored_post_url":"","sponsored_post_logo_enable":"0","sponsored_post_logo":"","sponsored_post_desc":"","disable_ad":"0"},"jnews_primary_category":{"id":"","hide":""},"footnotes":""},"categories":[91],"tags":[],"class_list":["post-3325","post","type-post","status-publish","format-standard","has-post-thumbnail","hentry","category-politica"],"_links":{"self":[{"href":"https:\/\/cidadebaixaonline.com.br\/index.php\/wp-json\/wp\/v2\/posts\/3325","targetHints":{"allow":["GET"]}}],"collection":[{"href":"https:\/\/cidadebaixaonline.com.br\/index.php\/wp-json\/wp\/v2\/posts"}],"about":[{"href":"https:\/\/cidadebaixaonline.com.br\/index.php\/wp-json\/wp\/v2\/types\/post"}],"author":[{"embeddable":true,"href":"https:\/\/cidadebaixaonline.com.br\/index.php\/wp-json\/wp\/v2\/users\/2"}],"replies":[{"embeddable":true,"href":"https:\/\/cidadebaixaonline.com.br\/index.php\/wp-json\/wp\/v2\/comments?post=3325"}],"version-history":[{"count":0,"href":"https:\/\/cidadebaixaonline.com.br\/index.php\/wp-json\/wp\/v2\/posts\/3325\/revisions"}],"wp:featuredmedia":[{"embeddable":true,"href":"https:\/\/cidadebaixaonline.com.br\/index.php\/wp-json\/wp\/v2\/media\/3326"}],"wp:attachment":[{"href":"https:\/\/cidadebaixaonline.com.br\/index.php\/wp-json\/wp\/v2\/media?parent=3325"}],"wp:term":[{"taxonomy":"category","embeddable":true,"href":"https:\/\/cidadebaixaonline.com.br\/index.php\/wp-json\/wp\/v2\/categories?post=3325"},{"taxonomy":"post_tag","embeddable":true,"href":"https:\/\/cidadebaixaonline.com.br\/index.php\/wp-json\/wp\/v2\/tags?post=3325"}],"curies":[{"name":"wp","href":"https:\/\/api.w.org\/{rel}","templated":true}]}}