{"id":3273,"date":"2023-08-21T15:50:47","date_gmt":"2023-08-21T18:50:47","guid":{"rendered":"https:\/\/cidadebaixaonline.com.br\/?p=3273"},"modified":"2023-08-21T15:50:49","modified_gmt":"2023-08-21T18:50:49","slug":"estudantes-de-ilheus-recebem-notebooks-para-acesso-a-internet","status":"publish","type":"post","link":"https:\/\/cidadebaixaonline.com.br\/index.php\/2023\/08\/21\/estudantes-de-ilheus-recebem-notebooks-para-acesso-a-internet\/","title":{"rendered":"Estudantes de Ilh\u00e9us recebem notebooks para acesso \u00e0 internet"},"content":{"rendered":"\n<p>Estudantes de 30 escolas estaduais e municipais de Ilh\u00e9us receberam, na sexta-feira, 18, 522 chromebooks. Os computadores port\u00e1teis ser\u00e3o utilizados em sala de aula para acessar conte\u00fados dispon\u00edveis na internet. A iniciativa faz parte de uma parceria do Governo do Estado com o Banco Nacional de Desenvolvimento Econ\u00f4mico e Social (BNDES), atrav\u00e9s do projeto \u201cBNDES Educa\u00e7\u00e3o Conectada\u201d.<\/p>\n\n\n\n<p>O ato de entrega se deu no Col\u00e9gio Estadual de Tempo Integral Professor Carlos Roberto Arl\u00e9o Barbosa, durante a quinta edi\u00e7\u00e3o da Caravana Digital, uma a\u00e7\u00e3o da Secretaria da Educa\u00e7\u00e3o do Estado (SEC), realizada por meio do Instituto An\u00edsio Teixeira (IAT). O estudante de tempo integra Lucas Emanoel Gonzaga do Nascimento, do 1\u00ba ano do Ensino M\u00e9dio, falou sobre sua expectativa em rela\u00e7\u00e3o ao uso do chromebook no ambiente escolar.<\/p>\n\n\n\n<p>\u201cAcho muito bom termos este recurso, pois \u00e9 um equipamento de acesso a saberes diversos que est\u00e3o disponibilizados na rede de pesquisa. Com um simples clique, \u00e9 poss\u00edvel saber sobre Matem\u00e1tica, Portugu\u00eas, Hist\u00f3ria e da\u00ed por diante. Al\u00e9m do mais, um chromebook ajudar\u00e1 no foco do estudante ao fazer uma atividade escolar, e as notifica\u00e7\u00f5es e os aplicativos pessoais n\u00e3o ir\u00e3o interferir nos nossos estudos\u201d.<\/p>\n\n\n\n<p>Os chromebooks \u2013 que representam parte dos investimentos realizados pelo Governo do Estado na infraestrutura tecnol\u00f3gica das escolas, trazendo inova\u00e7\u00e3o para a Educa\u00e7\u00e3o na Bahia \u2013 ser\u00e3o utilizados pelos professores de Portugu\u00eas e Matem\u00e1tica, com o objetivo de facilitar a constru\u00e7\u00e3o de projetos pedag\u00f3gicos e a elabora\u00e7\u00e3o de solu\u00e7\u00f5es para o territ\u00f3rio.<\/p>\n\n\n\n<p>A professora de L\u00edngua Portuguesa, Orli Pereira dos Santos, destacou a import\u00e2ncia do equipamento no processo de ensino e aprendizagem. \u201c\u00c9 uma ferramenta de grande utilidade, pois os estudantes podem ter aulas on-line; fazer pesquisas; acessar materiais de multim\u00eddia complementares; colaborar nos trabalhos em grupo e apresentar trabalhos; fazer avalia\u00e7\u00f5es on-line, tornando as aulas mais din\u00e2micas, motivadoras, criativas e interativas. E os professores conseguem concentrar suas aulas em um lugar r\u00e1pido e seguro\u201d.<\/p>\n\n\n\n<p>A 5\u00aa Caravana Digital mobilizou cerca de 900 estudantes e 40 professores, neste dia. Durante os dois turnos, os alunos participaram de atividades l\u00fadicas e formativas; e de jogos anal\u00f3gicos e digitais, bem como vivenciaram atividades interativas envolvendo makey makey (kits de automa\u00e7\u00e3o rob\u00f3tica), realidade aumentada, fotografias com chroma-key, experimentos com intelig\u00eancia artificial e ardu\u00edno, al\u00e9m de voo demonstrativo de drone, exposi\u00e7\u00e3o fotogr\u00e1fica e grava\u00e7\u00e3o de podcast. J\u00e1 os educadores participaram de oficinas de podcast, fotografia b\u00e1sica, scratch e design de interiores com floorplanner (software para design de interiores que ajuda a projetar espa\u00e7os internos e externos).<\/p>\n\n\n\n<p>\u201cRealizar estas entregas junto com a Caravana Digital \u00e9 muito bom, porque, atrav\u00e9s da utiliza\u00e7\u00e3o destes equipamentos, a escola poder\u00e1 mostrar que \u00e9 capaz de construir seus projetos, solu\u00e7\u00f5es para o seu territ\u00f3rio e trazer inova\u00e7\u00e3o para a educa\u00e7\u00e3o na Bahia. Nosso objetivo com a realiza\u00e7\u00e3o das Caravanas Digitais \u00e9 levar para os munic\u00edpios, principalmente os mais distantes de Salvador, inova\u00e7\u00e3o, tecnologia e criatividade e transformar isso em algo que fa\u00e7a parte da rotina e dos projetos da escola\u201d, afirmou o coordenador de Aprendizagem Criativa e Cultura Maker do IAT, Arlindo Matheus Santiago.<\/p>\n","protected":false},"excerpt":{"rendered":"<p>Estudantes de 30 escolas estaduais e municipais de Ilh\u00e9us receberam, na sexta-feira, 18, 522 chromebooks. Os computadores port\u00e1teis ser\u00e3o utilizados em sala de aula para acessar conte\u00fados dispon\u00edveis na internet. A iniciativa faz parte de uma parceria do Governo do Estado com o Banco Nacional de Desenvolvimento Econ\u00f4mico e Social (BNDES), atrav\u00e9s do projeto \u201cBNDES [&hellip;]<\/p>\n","protected":false},"author":2,"featured_media":3275,"comment_status":"open","ping_status":"open","sticky":false,"template":"","format":"standard","meta":{"jnews-multi-image_gallery":[],"jnews_single_post":{"subtitle":"","format":"standard","video":"","gallery":"","source_name":"","source_url":"","via_name":"","via_url":"","override_template":"0","override":[{"template":"1","single_blog_custom":"","parallax":"1","fullscreen":"1","layout":"right-sidebar","sidebar":"default-sidebar","second_sidebar":"default-sidebar","sticky_sidebar":"1","share_position":"top","share_float_style":"share-monocrhome","show_share_counter":"0","show_view_counter":"0","show_featured":"1","show_post_meta":"1","show_post_author":"0","show_post_author_image":"1","show_post_date":"1","post_date_format":"default","post_date_format_custom":"Y\/m\/d","show_post_category":"1","show_post_reading_time":"0","post_reading_time_wpm":"300","show_zoom_button":"0","zoom_button_out_step":"2","zoom_button_in_step":"3","show_post_tag":"1","show_prev_next_post":"1","show_popup_post":"1","number_popup_post":"1","show_author_box":"0","show_post_related":"0","show_inline_post_related":"0"}],"override_image_size":"0","image_override":[{"single_post_thumbnail_size":"no-crop","single_post_gallery_size":"crop-715"}],"trending_post":"0","trending_post_position":"meta","trending_post_label":"Trending","sponsored_post":"0","sponsored_post_label":"Sponsored by","sponsored_post_name":"","sponsored_post_url":"","sponsored_post_logo_enable":"0","sponsored_post_logo":"","sponsored_post_desc":"","disable_ad":"0"},"jnews_primary_category":{"id":"","hide":""},"footnotes":""},"categories":[106],"tags":[],"class_list":["post-3273","post","type-post","status-publish","format-standard","has-post-thumbnail","hentry","category-educacao"],"_links":{"self":[{"href":"https:\/\/cidadebaixaonline.com.br\/index.php\/wp-json\/wp\/v2\/posts\/3273","targetHints":{"allow":["GET"]}}],"collection":[{"href":"https:\/\/cidadebaixaonline.com.br\/index.php\/wp-json\/wp\/v2\/posts"}],"about":[{"href":"https:\/\/cidadebaixaonline.com.br\/index.php\/wp-json\/wp\/v2\/types\/post"}],"author":[{"embeddable":true,"href":"https:\/\/cidadebaixaonline.com.br\/index.php\/wp-json\/wp\/v2\/users\/2"}],"replies":[{"embeddable":true,"href":"https:\/\/cidadebaixaonline.com.br\/index.php\/wp-json\/wp\/v2\/comments?post=3273"}],"version-history":[{"count":0,"href":"https:\/\/cidadebaixaonline.com.br\/index.php\/wp-json\/wp\/v2\/posts\/3273\/revisions"}],"wp:featuredmedia":[{"embeddable":true,"href":"https:\/\/cidadebaixaonline.com.br\/index.php\/wp-json\/wp\/v2\/media\/3275"}],"wp:attachment":[{"href":"https:\/\/cidadebaixaonline.com.br\/index.php\/wp-json\/wp\/v2\/media?parent=3273"}],"wp:term":[{"taxonomy":"category","embeddable":true,"href":"https:\/\/cidadebaixaonline.com.br\/index.php\/wp-json\/wp\/v2\/categories?post=3273"},{"taxonomy":"post_tag","embeddable":true,"href":"https:\/\/cidadebaixaonline.com.br\/index.php\/wp-json\/wp\/v2\/tags?post=3273"}],"curies":[{"name":"wp","href":"https:\/\/api.w.org\/{rel}","templated":true}]}}