{"id":3270,"date":"2023-08-21T14:57:33","date_gmt":"2023-08-21T17:57:33","guid":{"rendered":"https:\/\/cidadebaixaonline.com.br\/?p=3270"},"modified":"2023-08-21T14:57:35","modified_gmt":"2023-08-21T17:57:35","slug":"custo-da-ponte-salvador-itaparica-foi-elevado-de-r-6-bi-para-r-13-bi","status":"publish","type":"post","link":"https:\/\/cidadebaixaonline.com.br\/index.php\/2023\/08\/21\/custo-da-ponte-salvador-itaparica-foi-elevado-de-r-6-bi-para-r-13-bi\/","title":{"rendered":"Custo da Ponte Salvador-Itaparica foi elevado de R$ 6 bi para R$ 13 bi"},"content":{"rendered":"\n<p>O governador Jer\u00f4nimo Rodrigues voltou a falar sobre o contrato com o cons\u00f3rcio de empresas que vai construir a\u00a0Ponte Salvador-Itaparica. Segundo ele, o valor da obra foi elevado de R$ 6 bilh\u00f5es para R$ 13 bilh\u00f5es desde que foi assinado.\u00a0 <\/p>\n\n\n\n<p>Jer\u00f4nimo disse ainda que tem mantido conversas com o cons\u00f3rcio vencedor da licita\u00e7\u00e3o da ponte e estipulado prazo para retorno de questionamentos espec\u00edficos que, caso n\u00e3o sejam respondidos, como data para in\u00edcio das obras, poder\u00e1 causar distrato do contrato e nova licita\u00e7\u00e3o.&nbsp;<\/p>\n\n\n\n<p>\u201cConversamos com o cons\u00f3rcio e demos um prazo a ele. Com o governo federal ao nosso lado, podemos fazer isso. Colocamos para que dentro do prazo que eles acharem que poderia fazer os estudos, apareceram algumas pend\u00eancias\u2026e a pend\u00eancia \u00e9 justamente qualificar o custo da obra. Quando Rui assinou esse contrato, ele girava em torno de seis a R$ 7 bilh\u00f5es. Com a pandemia, com os insumos, o mercado cambial sendo elevado, hoje a obra chega perto de R$ 13 bilh\u00f5es. Portanto, \u00e9 preciso fazer uma equaliza\u00e7\u00e3o e n\u00f3s entendemos isso\u201d, afirmou o governador.<\/p>\n\n\n\n<p>Jer\u00f4nimo pontuou que o Governo do Estado est\u00e1 \u00e0 disposi\u00e7\u00e3o do cons\u00f3rcio vencedor e que aguarda respostas positivas como data de in\u00edcio para a constru\u00e7\u00e3o e reiterou o que pensa sobre o distrato do contrato.<\/p>\n\n\n\n<p>\u201cEstamos nos colocando \u00e0 disposi\u00e7\u00e3o do cons\u00f3rcio para nos debru\u00e7ar sobre isso. Tem uma equipe da CCCC e da CR20, que comp\u00f5em o cons\u00f3rcio, aqui na Bahia, j\u00e1 dispostas a sanar essas pend\u00eancias. Assim que tivermos essas respostas vamos poder dizer: vai iniciar a obra. A gente vai botar data e hora marcada. Ou se tiver algum empecilho que a gente perceba que vai demorar muito, pode ter certeza que eu tomarei a decis\u00e3o de distratar e fazer um novo processo de licita\u00e7\u00e3o. Eu n\u00e3o estou anunciando distrato. N\u00f3s recolocamos\u00a0 \u00e0 mesa para que esse contrato seja restabelecido. Tenho certeza que com o governo federal n\u00f3s conseguiremos\u2026temos a tranquilidade de dizer, vamos iniciar essa obra, caso n\u00e3o d\u00ea certo, vamos rever o contrato\u201d, afirmou.\u00a0<\/p>\n\n\n\n<p>Presente no mesmo evento, o ministro da Casa Civil, Rui Costa,\u00a0explicou aa aus\u00eancia da ponte Salvador-Itaparica no PAC.\u00a0Segundo ele, ainda existe uma possibilidade de inclus\u00e3o da obra ap\u00f3s renegocia\u00e7\u00e3o do contrato. <\/p>\n","protected":false},"excerpt":{"rendered":"<p>O governador Jer\u00f4nimo Rodrigues voltou a falar sobre o contrato com o cons\u00f3rcio de empresas que vai construir a\u00a0Ponte Salvador-Itaparica. Segundo ele, o valor da obra foi elevado de R$ 6 bilh\u00f5es para R$ 13 bilh\u00f5es desde que foi assinado.\u00a0 Jer\u00f4nimo disse ainda que tem mantido conversas com o cons\u00f3rcio vencedor da licita\u00e7\u00e3o da ponte [&hellip;]<\/p>\n","protected":false},"author":2,"featured_media":3271,"comment_status":"open","ping_status":"open","sticky":false,"template":"","format":"standard","meta":{"jnews-multi-image_gallery":[],"jnews_single_post":{"subtitle":"","format":"standard","video":"","gallery":"","source_name":"","source_url":"","via_name":"","via_url":"","override_template":"0","override":[{"template":"1","single_blog_custom":"","parallax":"1","fullscreen":"1","layout":"right-sidebar","sidebar":"default-sidebar","second_sidebar":"default-sidebar","sticky_sidebar":"1","share_position":"top","share_float_style":"share-monocrhome","show_share_counter":"0","show_view_counter":"0","show_featured":"1","show_post_meta":"1","show_post_author":"0","show_post_author_image":"1","show_post_date":"1","post_date_format":"default","post_date_format_custom":"Y\/m\/d","show_post_category":"1","show_post_reading_time":"0","post_reading_time_wpm":"300","show_zoom_button":"0","zoom_button_out_step":"2","zoom_button_in_step":"3","show_post_tag":"1","show_prev_next_post":"1","show_popup_post":"1","number_popup_post":"1","show_author_box":"0","show_post_related":"0","show_inline_post_related":"0"}],"override_image_size":"0","image_override":[{"single_post_thumbnail_size":"no-crop","single_post_gallery_size":"crop-715"}],"trending_post":"0","trending_post_position":"meta","trending_post_label":"Trending","sponsored_post":"0","sponsored_post_label":"Sponsored by","sponsored_post_name":"","sponsored_post_url":"","sponsored_post_logo_enable":"0","sponsored_post_logo":"","sponsored_post_desc":"","disable_ad":"0"},"jnews_primary_category":{"id":"","hide":""},"footnotes":""},"categories":[85,91],"tags":[],"class_list":["post-3270","post","type-post","status-publish","format-standard","has-post-thumbnail","hentry","category-noticias","category-politica"],"_links":{"self":[{"href":"https:\/\/cidadebaixaonline.com.br\/index.php\/wp-json\/wp\/v2\/posts\/3270","targetHints":{"allow":["GET"]}}],"collection":[{"href":"https:\/\/cidadebaixaonline.com.br\/index.php\/wp-json\/wp\/v2\/posts"}],"about":[{"href":"https:\/\/cidadebaixaonline.com.br\/index.php\/wp-json\/wp\/v2\/types\/post"}],"author":[{"embeddable":true,"href":"https:\/\/cidadebaixaonline.com.br\/index.php\/wp-json\/wp\/v2\/users\/2"}],"replies":[{"embeddable":true,"href":"https:\/\/cidadebaixaonline.com.br\/index.php\/wp-json\/wp\/v2\/comments?post=3270"}],"version-history":[{"count":0,"href":"https:\/\/cidadebaixaonline.com.br\/index.php\/wp-json\/wp\/v2\/posts\/3270\/revisions"}],"wp:featuredmedia":[{"embeddable":true,"href":"https:\/\/cidadebaixaonline.com.br\/index.php\/wp-json\/wp\/v2\/media\/3271"}],"wp:attachment":[{"href":"https:\/\/cidadebaixaonline.com.br\/index.php\/wp-json\/wp\/v2\/media?parent=3270"}],"wp:term":[{"taxonomy":"category","embeddable":true,"href":"https:\/\/cidadebaixaonline.com.br\/index.php\/wp-json\/wp\/v2\/categories?post=3270"},{"taxonomy":"post_tag","embeddable":true,"href":"https:\/\/cidadebaixaonline.com.br\/index.php\/wp-json\/wp\/v2\/tags?post=3270"}],"curies":[{"name":"wp","href":"https:\/\/api.w.org\/{rel}","templated":true}]}}