{"id":3260,"date":"2023-08-21T14:12:45","date_gmt":"2023-08-21T17:12:45","guid":{"rendered":"https:\/\/cidadebaixaonline.com.br\/?p=3260"},"modified":"2023-08-21T14:12:46","modified_gmt":"2023-08-21T17:12:46","slug":"stf-aceita-mais-70-denuncias-contra-pessoas-envolvidas-no-8-de-janeiro","status":"publish","type":"post","link":"https:\/\/cidadebaixaonline.com.br\/index.php\/2023\/08\/21\/stf-aceita-mais-70-denuncias-contra-pessoas-envolvidas-no-8-de-janeiro\/","title":{"rendered":"STF aceita mais 70 den\u00fancias contra pessoas envolvidas no 8 de janeiro"},"content":{"rendered":"\n<p>A lista dos denunciados de envolvimento nos atos antidemocr\u00e1ticos de 8 de janeiro aumentou. O Supremo Tribunal Federal (STF) aceitou mais 70 den\u00fancias apresentadas pela Procuradoria-Geral da Rep\u00fablica (PGR). Os procedimentos investigativos s\u00e3o de relatoria do ministro Alexandre de Moraes.<\/p>\n\n\n\n<p>A investiga\u00e7\u00e3o apura a responsabilidade dos autores intelectuais e das pessoas que instigaram os atos e dos executores materiais dos crimes.<\/p>\n\n\n\n<p>As novas den\u00fancias foram apresentadas em dois inqu\u00e9ritos e em sete peti\u00e7\u00f5es. Os fatos narrados envolvem crimes de associa\u00e7\u00e3o criminosa, aboli\u00e7\u00e3o violenta do estado democr\u00e1tico de direito, golpe de estado, amea\u00e7a, persegui\u00e7\u00e3o, incita\u00e7\u00e3o ao crime, dano e dano qualificado, e delito de deteriora\u00e7\u00e3o de patrim\u00f4nio tombado.<\/p>\n\n\n\n<p>Prevaleceu o entendimento do ministro Alexandre de Moraes no sentido da exist\u00eancia de ind\u00edcios razo\u00e1veis de autoria e da materialidade dos crimes. Segundo o ministro, as pe\u00e7as apresentadas pela PGR detalharam adequadamente os fatos criminosos, com todas as suas circunst\u00e2ncias, a qualifica\u00e7\u00e3o dos acusados e a classifica\u00e7\u00e3o dos delitos.<\/p>\n\n\n\n<p>A partir da instaura\u00e7\u00e3o das a\u00e7\u00f5es penais individuais, os acusados se tornar\u00e3o r\u00e9us e ir\u00e3o responder pelos crimes descritos pela PGR. Na nova fase do processo, haver\u00e1 coleta de provas e depoimentos de testemunhas de defesa e acusa\u00e7\u00e3o. S\u00f3 depois o STF ir\u00e1 julgar se condena ou absolve os r\u00e9us. A an\u00e1lise foi realizada em sess\u00e3o virtual extraordin\u00e1ria que terminou \u00e0s 23h59 da \u00faltima sexta-feira (18).<\/p>\n\n\n\n<p>Em um dos inqu\u00e9ritos que investiga os autores intelectuais e pessoas que instigaram os atos, as 62 den\u00fancias foram recebidas por maioria. Os ministros Nunes Marques e Andr\u00e9 Mendon\u00e7a rejeitaram as den\u00fancias porque os acusados foram detidos no quartel do Ex\u00e9rcito, e n\u00e3o durante os atos na Pra\u00e7a dos Tr\u00eas Poderes.<\/p>\n\n\n\n<p>Confira rela\u00e7\u00e3o das den\u00fancias aceitas:<\/p>\n\n\n\n<p>INQ 4921<\/p>\n\n\n\n<p>SONIA MARIA RODRIGUES DA SILVA<\/p>\n\n\n\n<p>ADRIANO MARANO RIBEIRO<\/p>\n\n\n\n<p>ALAN DOS SANTOS CHAVES<\/p>\n\n\n\n<p>ALCEU VITOR CONSTANTE<\/p>\n\n\n\n<p>ANTONIO LUIZ ALMEIDA DOS SANTOS<\/p>\n\n\n\n<p>ARTHUR ANDRE SILVA MARTINS<\/p>\n\n\n\n<p>BEATRIZ DE FATIMA MOREIRA DE SA<\/p>\n\n\n\n<p>CASSIANO ALVES DOS SANTOS<\/p>\n\n\n\n<p>CELIA REGINA PEREIRA<\/p>\n\n\n\n<p>CLEVERSON GODOFREDO DE ARA\u00daJO<\/p>\n\n\n\n<p>CRISTIANE DA SILVA<\/p>\n\n\n\n<p>CRISTINA MOURA DUARTE<\/p>\n\n\n\n<p>DIRCEU LUIZ SCHABARUM<\/p>\n\n\n\n<p>DITTER MARXEDENILSON CAETANO FERREIRA<\/p>\n\n\n\n<p>EDSON FICHER SABINO<\/p>\n\n\n\n<p>EDUARDO CAVANHOL<\/p>\n\n\n\n<p>EDUARDO WEISS<\/p>\n\n\n\n<p>ELIANE GON\u00c7ALVES PEREIRA<\/p>\n\n\n\n<p>ELISEU PAULO RIBEIRO<\/p>\n\n\n\n<p>ELIZABETE GOMES DE ANDRADE FREDDI<\/p>\n\n\n\n<p>FABIO ALVES BARBOSA<\/p>\n\n\n\n<p>FABRICIO KUWANO PALUDETO<\/p>\n\n\n\n<p>FERNANDO EURICO BEVILAQUA<\/p>\n\n\n\n<p>FERNANDO SILVA SALGADO<\/p>\n\n\n\n<p>HAMILTON OLIVEIRA PIRES FILHO<\/p>\n\n\n\n<p>JACSON DOUGLAS BIAZUS<\/p>\n\n\n\n<p>JEAN CARLO BARBOSA<\/p>\n\n\n\n<p>JEFERSON WERNER SILVEIRA<\/p>\n\n\n\n<p>JEOV\u00c1 CONCEI\u00c7\u00c3O DOS SANTOS<\/p>\n\n\n\n<p>JEREMIAS RODRIGUES MELLO<\/p>\n\n\n\n<p>JO\u00c3O BENEDITO RODRIGUES<\/p>\n\n\n\n<p>JOEL TORQUATO DE SOUSA<\/p>\n\n\n\n<p>JOS\u00c9 MESSIAS VAL\u00c9RIO<\/p>\n\n\n\n<p>JUSIAS GON\u00c7ALVES GURALSKI<\/p>\n\n\n\n<p>JUSSARA IN\u00caS BRAZ<\/p>\n\n\n\n<p>LUCAS HELIAN SABINO<\/p>\n\n\n\n<p>LUIZ ANSELMO DA SILVA<\/p>\n\n\n\n<p>LUKAS MATHEUS DE SOUZA FELIPE<\/p>\n\n\n\n<p>MARCELO TRENTIN MEIRELLES<\/p>\n\n\n\n<p>MARCILENE GAMA NUNES<\/p>\n\n\n\n<p>MARCIO ANTONIO BIAZUS<\/p>\n\n\n\n<p>MARCOS ANDREY BASSANESI DE OLIVEIRA<\/p>\n\n\n\n<p>MARCOS FELIPE FERRARI BASTOS<\/p>\n\n\n\n<p>MIRAMAR FERREIRA CAMARA<\/p>\n\n\n\n<p>MIRIAM DE CARVALHO<\/p>\n\n\n\n<p>ODETE CORREA DE OLIVEIRA PALIANO<\/p>\n\n\n\n<p>PAMELA LUANA MISSIO<\/p>\n\n\n\n<p>RAFAEL RODRIGO ZARTH<\/p>\n\n\n\n<p>RAPHAEL SOUZA LOPES DE ABREU<\/p>\n\n\n\n<p>RENATA MARIA DIAS PEREIRA<\/p>\n\n\n\n<p>ROSANEIDE RODRIGUES SOUZA<\/p>\n\n\n\n<p>ROSMARA DO ROCIO RODRIGUES<\/p>\n\n\n\n<p>SANDRA SOARES DA SILVA ULIANO<\/p>\n\n\n\n<p>SERGIO REITZ<\/p>\n\n\n\n<p>SONIA ANGELICA CAIXETA<\/p>\n\n\n\n<p>TADEU RIBEIRO DOS SANTOS<\/p>\n\n\n\n<p>VANDERSON ALVES NUNES<\/p>\n\n\n\n<p>VERA MARIA DE FATIMA CAETANO<\/p>\n\n\n\n<p>GEFERSON GUALBERTO DO NASCIMENTO<\/p>\n\n\n\n<p>GILVA ESTRELA DA SILVA<\/p>\n\n\n\n<p>GLEIDSON DE ALMEIDA DIAS<\/p>\n\n\n\n<p>INQ 4922<\/p>\n\n\n\n<p>JOSE PAULO ALFONSO BARROS<\/p>\n\n\n\n<p>PETI\u00c7\u00d5ES<\/p>\n\n\n\n<p>PET 10822 \u2013 LEONARDO ALVES FARES<\/p>\n\n\n\n<p>PET 10852 \u2013 MARIA DE F\u00c1TIMA MENDON\u00c7A JACINTO<\/p>\n\n\n\n<p>PET 11021 \u2013 SAMUEL DE FARIA<\/p>\n\n\n\n<p>PET 10957 \u2013 LUCIANO OLIVEIRA DOS SANTOS<\/p>\n\n\n\n<p>PET 10764 \u2013 JOS\u00c9 ACACIO SERERE XAVANTE<\/p>\n\n\n\n<p>PET 10772 \u2013 ANTONIO JOS\u00c9 SANTOS SARAIVA<\/p>\n\n\n\n<p>PET 10853 \u2013 JOS\u00c9 FERNANDO HONORATO DE AZEVEDO<\/p>\n\n\n\n<p><\/p>\n\n\n\n<p>Fonte: Bahia Not\u00edcias<\/p>\n","protected":false},"excerpt":{"rendered":"<p>A lista dos denunciados de envolvimento nos atos antidemocr\u00e1ticos de 8 de janeiro aumentou. O Supremo Tribunal Federal (STF) aceitou mais 70 den\u00fancias apresentadas pela Procuradoria-Geral da Rep\u00fablica (PGR). Os procedimentos investigativos s\u00e3o de relatoria do ministro Alexandre de Moraes. A investiga\u00e7\u00e3o apura a responsabilidade dos autores intelectuais e das pessoas que instigaram os atos [&hellip;]<\/p>\n","protected":false},"author":2,"featured_media":3261,"comment_status":"open","ping_status":"open","sticky":false,"template":"","format":"standard","meta":{"jnews-multi-image_gallery":[],"jnews_single_post":{"subtitle":"","format":"standard","video":"","gallery":"","source_name":"","source_url":"","via_name":"","via_url":"","override_template":"0","override":[{"template":"1","single_blog_custom":"","parallax":"1","fullscreen":"1","layout":"right-sidebar","sidebar":"default-sidebar","second_sidebar":"default-sidebar","sticky_sidebar":"1","share_position":"top","share_float_style":"share-monocrhome","show_share_counter":"0","show_view_counter":"0","show_featured":"1","show_post_meta":"1","show_post_author":"0","show_post_author_image":"1","show_post_date":"1","post_date_format":"default","post_date_format_custom":"Y\/m\/d","show_post_category":"1","show_post_reading_time":"0","post_reading_time_wpm":"300","show_zoom_button":"0","zoom_button_out_step":"2","zoom_button_in_step":"3","show_post_tag":"1","show_prev_next_post":"1","show_popup_post":"1","number_popup_post":"1","show_author_box":"0","show_post_related":"0","show_inline_post_related":"0"}],"override_image_size":"0","image_override":[{"single_post_thumbnail_size":"no-crop","single_post_gallery_size":"crop-715"}],"trending_post":"0","trending_post_position":"meta","trending_post_label":"Trending","sponsored_post":"0","sponsored_post_label":"Sponsored by","sponsored_post_name":"","sponsored_post_url":"","sponsored_post_logo_enable":"0","sponsored_post_logo":"","sponsored_post_desc":"","disable_ad":"0"},"jnews_primary_category":{"id":"","hide":""},"footnotes":""},"categories":[85],"tags":[],"class_list":["post-3260","post","type-post","status-publish","format-standard","has-post-thumbnail","hentry","category-noticias"],"_links":{"self":[{"href":"https:\/\/cidadebaixaonline.com.br\/index.php\/wp-json\/wp\/v2\/posts\/3260","targetHints":{"allow":["GET"]}}],"collection":[{"href":"https:\/\/cidadebaixaonline.com.br\/index.php\/wp-json\/wp\/v2\/posts"}],"about":[{"href":"https:\/\/cidadebaixaonline.com.br\/index.php\/wp-json\/wp\/v2\/types\/post"}],"author":[{"embeddable":true,"href":"https:\/\/cidadebaixaonline.com.br\/index.php\/wp-json\/wp\/v2\/users\/2"}],"replies":[{"embeddable":true,"href":"https:\/\/cidadebaixaonline.com.br\/index.php\/wp-json\/wp\/v2\/comments?post=3260"}],"version-history":[{"count":0,"href":"https:\/\/cidadebaixaonline.com.br\/index.php\/wp-json\/wp\/v2\/posts\/3260\/revisions"}],"wp:featuredmedia":[{"embeddable":true,"href":"https:\/\/cidadebaixaonline.com.br\/index.php\/wp-json\/wp\/v2\/media\/3261"}],"wp:attachment":[{"href":"https:\/\/cidadebaixaonline.com.br\/index.php\/wp-json\/wp\/v2\/media?parent=3260"}],"wp:term":[{"taxonomy":"category","embeddable":true,"href":"https:\/\/cidadebaixaonline.com.br\/index.php\/wp-json\/wp\/v2\/categories?post=3260"},{"taxonomy":"post_tag","embeddable":true,"href":"https:\/\/cidadebaixaonline.com.br\/index.php\/wp-json\/wp\/v2\/tags?post=3260"}],"curies":[{"name":"wp","href":"https:\/\/api.w.org\/{rel}","templated":true}]}}