{"id":3256,"date":"2023-08-21T13:55:57","date_gmt":"2023-08-21T16:55:57","guid":{"rendered":"https:\/\/cidadebaixaonline.com.br\/?p=3256"},"modified":"2023-08-21T13:55:59","modified_gmt":"2023-08-21T16:55:59","slug":"vitoria-pode-ter-seis-reforcos-para-jogo-contra-o-atletico-go","status":"publish","type":"post","link":"https:\/\/cidadebaixaonline.com.br\/index.php\/2023\/08\/21\/vitoria-pode-ter-seis-reforcos-para-jogo-contra-o-atletico-go\/","title":{"rendered":"Vit\u00f3ria pode ter seis refor\u00e7os para jogo contra o Atl\u00e9tico-GO"},"content":{"rendered":"\n<p>L\u00edder da S\u00e9rie B do Brasileiro, o Vit\u00f3ria jogar\u00e1 refor\u00e7ado contra o Atl\u00e9tico-GO na 25\u00aa rodada. A bola rola no domingo (27), \u00e0s 18h, no est\u00e1dio Ant\u00f4nio Accioly, em Goi\u00e2nia. Seis atletas que n\u00e3o participaram da vit\u00f3ria por 2&#215;0 contra o Botafogo-SP na \u00faltima sexta-feira (18) estar\u00e3o \u00e0 disposi\u00e7\u00e3o do t\u00e9cnico L\u00e9o Cond\u00e9.<br><br>Os zagueiros Camutanga e Yan Souto, os volantes Dudu e Jhonny Lucas, bem como o atacante Wellington Nem cumpriram suspens\u00e3o e podem ser aproveitados novamente.<\/p>\n\n\n\n<p>Quem tamb\u00e9m deve estar apto \u00e9 o atacante Osvaldo. Gar\u00e7om do time na temporada, com oito assist\u00eancias, ele ficou fora das \u00faltimas cinco partidas para tratar de uma les\u00e3o na coxa. A previs\u00e3o do clube \u00e9 que ele seja reintegrado ao elenco nesta segunda-feira (21).<\/p>\n\n\n\n<p>Quem segue fora \u00e9 o volante Rodrigo Andrade. Ele segue fazendo tratamento e atividades controladas na fisioterapia para tratar uma les\u00e3o na panturrilha. O meia Giovanni Augusto tamb\u00e9m \u00e9 baixa, ap\u00f3s fraturar a costela. Ele se recupera em casa ap\u00f3s deixar o hospital e ser\u00e1 reavaliado na quinta-feira (24) pelos m\u00e9dicos para ent\u00e3o iniciar o tratamento na Toca do Le\u00e3o.<\/p>\n\n\n\n<p>No primeiro turno, o Vit\u00f3ria perdeu para o Atl\u00e9tico-GO, por 3&#215;2, no Barrad\u00e3o, na 6\u00aa rodada. O jogo marcou a primeira derrota do rubro-negro na competi\u00e7\u00e3o. Com 47 pontos, o Vit\u00f3ria n\u00e3o corre o risco de deixar o G4 mesmo em caso de novo trope\u00e7o diante da equipe goiana, pois tem seis pontos a mais que o primeiro time fora do grupo de acesso, o Crici\u00fama, 5\u00ba colocado, com 41 pontos.<\/p>\n\n\n\n<p>Se empatar com o Atl\u00e9tico-GO, o Le\u00e3o tamb\u00e9m mant\u00e9m a lideran\u00e7a, mesmo em caso de vit\u00f3ria do Sport contra o Ituano. A equipe pernambucana \u00e9 a vice-l\u00edder e tem 45 pontos, por\u00e9m dois triunfos a menos. Novorizontino e Vila Nova, na 3\u00aa e 4\u00aa coloca\u00e7\u00f5es, respectivamente, somam 42 pontos cada e fecham o G4.<\/p>\n\n\n\n<p>Ap\u00f3s ganhar o final de semana de folga, o elenco do Vit\u00f3ria se reapresenta esta tarde, quando inicia os preparativos para o jogo contra o Atl\u00e9tico-GO. A delega\u00e7\u00e3o embarca para Goi\u00e2nia no final da manh\u00e3 de sexta-feira (25).<\/p>\n","protected":false},"excerpt":{"rendered":"<p>L\u00edder da S\u00e9rie B do Brasileiro, o Vit\u00f3ria jogar\u00e1 refor\u00e7ado contra o Atl\u00e9tico-GO na 25\u00aa rodada. A bola rola no domingo (27), \u00e0s 18h, no est\u00e1dio Ant\u00f4nio Accioly, em Goi\u00e2nia. Seis atletas que n\u00e3o participaram da vit\u00f3ria por 2&#215;0 contra o Botafogo-SP na \u00faltima sexta-feira (18) estar\u00e3o \u00e0 disposi\u00e7\u00e3o do t\u00e9cnico L\u00e9o Cond\u00e9. Os zagueiros [&hellip;]<\/p>\n","protected":false},"author":2,"featured_media":3257,"comment_status":"open","ping_status":"open","sticky":false,"template":"","format":"standard","meta":{"jnews-multi-image_gallery":[],"jnews_single_post":{"subtitle":"","format":"standard","video":"","gallery":"","source_name":"","source_url":"","via_name":"","via_url":"","override_template":"0","override":[{"template":"1","single_blog_custom":"","parallax":"1","fullscreen":"1","layout":"right-sidebar","sidebar":"default-sidebar","second_sidebar":"default-sidebar","sticky_sidebar":"1","share_position":"top","share_float_style":"share-monocrhome","show_share_counter":"0","show_view_counter":"0","show_featured":"1","show_post_meta":"1","show_post_author":"0","show_post_author_image":"1","show_post_date":"1","post_date_format":"default","post_date_format_custom":"Y\/m\/d","show_post_category":"1","show_post_reading_time":"0","post_reading_time_wpm":"300","show_zoom_button":"0","zoom_button_out_step":"2","zoom_button_in_step":"3","show_post_tag":"1","show_prev_next_post":"1","show_popup_post":"1","number_popup_post":"1","show_author_box":"0","show_post_related":"0","show_inline_post_related":"0"}],"override_image_size":"0","image_override":[{"single_post_thumbnail_size":"no-crop","single_post_gallery_size":"crop-715"}],"trending_post":"0","trending_post_position":"meta","trending_post_label":"Trending","sponsored_post":"0","sponsored_post_label":"Sponsored by","sponsored_post_name":"","sponsored_post_url":"","sponsored_post_logo_enable":"0","sponsored_post_logo":"","sponsored_post_desc":"","disable_ad":"0"},"jnews_primary_category":{"id":"","hide":""},"footnotes":""},"categories":[89],"tags":[],"class_list":["post-3256","post","type-post","status-publish","format-standard","has-post-thumbnail","hentry","category-esportes"],"_links":{"self":[{"href":"https:\/\/cidadebaixaonline.com.br\/index.php\/wp-json\/wp\/v2\/posts\/3256","targetHints":{"allow":["GET"]}}],"collection":[{"href":"https:\/\/cidadebaixaonline.com.br\/index.php\/wp-json\/wp\/v2\/posts"}],"about":[{"href":"https:\/\/cidadebaixaonline.com.br\/index.php\/wp-json\/wp\/v2\/types\/post"}],"author":[{"embeddable":true,"href":"https:\/\/cidadebaixaonline.com.br\/index.php\/wp-json\/wp\/v2\/users\/2"}],"replies":[{"embeddable":true,"href":"https:\/\/cidadebaixaonline.com.br\/index.php\/wp-json\/wp\/v2\/comments?post=3256"}],"version-history":[{"count":0,"href":"https:\/\/cidadebaixaonline.com.br\/index.php\/wp-json\/wp\/v2\/posts\/3256\/revisions"}],"wp:featuredmedia":[{"embeddable":true,"href":"https:\/\/cidadebaixaonline.com.br\/index.php\/wp-json\/wp\/v2\/media\/3257"}],"wp:attachment":[{"href":"https:\/\/cidadebaixaonline.com.br\/index.php\/wp-json\/wp\/v2\/media?parent=3256"}],"wp:term":[{"taxonomy":"category","embeddable":true,"href":"https:\/\/cidadebaixaonline.com.br\/index.php\/wp-json\/wp\/v2\/categories?post=3256"},{"taxonomy":"post_tag","embeddable":true,"href":"https:\/\/cidadebaixaonline.com.br\/index.php\/wp-json\/wp\/v2\/tags?post=3256"}],"curies":[{"name":"wp","href":"https:\/\/api.w.org\/{rel}","templated":true}]}}