{"id":3213,"date":"2023-08-18T11:45:35","date_gmt":"2023-08-18T14:45:35","guid":{"rendered":"https:\/\/cidadebaixaonline.com.br\/?p=3213"},"modified":"2023-08-18T11:45:37","modified_gmt":"2023-08-18T14:45:37","slug":"lider-quilombola-estava-com-os-tres-netos-quando-foi-executada-diz-filho","status":"publish","type":"post","link":"https:\/\/cidadebaixaonline.com.br\/index.php\/2023\/08\/18\/lider-quilombola-estava-com-os-tres-netos-quando-foi-executada-diz-filho\/","title":{"rendered":"L\u00edder quilombola estava com os tr\u00eas netos quando foi executada, diz filho"},"content":{"rendered":"\n<p>O filho da lideran\u00e7a quilombola baiana, Bernadete Pac\u00edfico, de 72 anos, morta a tiros na quinta-feira (17), pediu justi\u00e7a ap\u00f3s o assassinato da idosa, dentro da associa\u00e7\u00e3o do Quilombo Pitanga dos Palmares, na cidade de Sim\u00f5es Filho, na Regi\u00e3o Metropolitana.<\/p>\n\n\n\n<p>Em entrevista \u00e0&nbsp;TV Bahi no Instituto M\u00e9dico Legal de Salvador, Wellington dos Santos falou sobre o assassinato da m\u00e3e e tamb\u00e9m do irm\u00e3o Fl\u00e1vio Gabriel Pacifico dos Santos, o Binho do Quilombo, ocorrido em 2017.&nbsp; Segundo ele, a&nbsp;idosa estava em companhia dos netos&nbsp;quando foi assassinada.<\/p>\n\n\n\n<p>&#8220;Minha fam\u00edlia est\u00e1 sendo perseguida. Em 2017, meu irm\u00e3o foi assassinado da mesma forma e ontem minha m\u00e3e foi executada enquanto estava com seus tr\u00eas netos. Queria saber o que a gente fez para esse povo. N\u00e3o sabia que fazer o bem contraria tanto as elites&#8221;, disse.<\/p>\n\n\n\n<p>De acordo com a Secretaria da Seguran\u00e7a P\u00fablica da Bahia, dois homens, usando capacetes, entraram em im\u00f3vel onde estava a v\u00edtima, na cidade de Sim\u00f5es Filho, e efetuaram disparos com arma de fogo.<\/p>\n\n\n\n<p>Segundo Wellington, a m\u00e3e foi morta com 12 tiros no rosto, ap\u00f3s os suspeitos afastarem os tr\u00eas netos e uma quarta crian\u00e7a, que estavam com ela no im\u00f3vel, e efetuarem os disparos.<\/p>\n\n\n\n<p>Ele diz ver rela\u00e7\u00e3o entre as mortes do irm\u00e3o e da m\u00e3e. At\u00e9 o momento, a Secretaria de Seguran\u00e7a P\u00fablica n\u00e3o confirma a rela\u00e7\u00e3o entre as duas mortes.<\/p>\n\n\n\n<p>&#8220;Um crime liga ao outro. Eu confio na justi\u00e7a de Deus e dos homens. Desse jeito, eles querem dizimar minha fam\u00edlia. Agora s\u00f3 tem eu, ent\u00e3o eu sou o pr\u00f3ximo, mas eu n\u00e3o tenho medo n\u00e3o, eu s\u00f3 nasci uma vez e morrerei apenas uma vez e morrerei lutando&#8221;, afirmou, disse.<\/p>\n\n\n\n<p>M\u00e3e Bernadete, como era conhecida, \u00e9 ex-secret\u00e1ria de Pol\u00edticas de Promo\u00e7\u00e3o da Igualdade Racial e l\u00edder da comunidade quilombola de Sim\u00f5es Filho, na Regi\u00e3o Metropolitana de Salvador.<\/p>\n\n\n\n<p>&#8220;Uma l\u00edder, uma guerreira, uma mestre da cultura popular. S\u00f3 tinha ela e ele, mas agora sou filho sem m\u00e3e e sem irm\u00e3o&#8221;, finalizou.<\/p>\n","protected":false},"excerpt":{"rendered":"<p>O filho da lideran\u00e7a quilombola baiana, Bernadete Pac\u00edfico, de 72 anos, morta a tiros na quinta-feira (17), pediu justi\u00e7a ap\u00f3s o assassinato da idosa, dentro da associa\u00e7\u00e3o do Quilombo Pitanga dos Palmares, na cidade de Sim\u00f5es Filho, na Regi\u00e3o Metropolitana. Em entrevista \u00e0&nbsp;TV Bahi no Instituto M\u00e9dico Legal de Salvador, Wellington dos Santos falou sobre [&hellip;]<\/p>\n","protected":false},"author":2,"featured_media":3214,"comment_status":"open","ping_status":"open","sticky":false,"template":"","format":"standard","meta":{"jnews-multi-image_gallery":[],"jnews_single_post":{"subtitle":"","format":"standard","video":"","gallery":"","source_name":"","source_url":"","via_name":"","via_url":"","override_template":"0","override":[{"template":"1","single_blog_custom":"","parallax":"1","fullscreen":"1","layout":"right-sidebar","sidebar":"default-sidebar","second_sidebar":"default-sidebar","sticky_sidebar":"1","share_position":"top","share_float_style":"share-monocrhome","show_share_counter":"0","show_view_counter":"0","show_featured":"1","show_post_meta":"1","show_post_author":"0","show_post_author_image":"1","show_post_date":"1","post_date_format":"default","post_date_format_custom":"Y\/m\/d","show_post_category":"1","show_post_reading_time":"0","post_reading_time_wpm":"300","show_zoom_button":"0","zoom_button_out_step":"2","zoom_button_in_step":"3","show_post_tag":"1","show_prev_next_post":"1","show_popup_post":"1","number_popup_post":"1","show_author_box":"0","show_post_related":"0","show_inline_post_related":"0"}],"override_image_size":"0","image_override":[{"single_post_thumbnail_size":"no-crop","single_post_gallery_size":"crop-715"}],"trending_post":"0","trending_post_position":"meta","trending_post_label":"Trending","sponsored_post":"0","sponsored_post_label":"Sponsored by","sponsored_post_name":"","sponsored_post_url":"","sponsored_post_logo_enable":"0","sponsored_post_logo":"","sponsored_post_desc":"","disable_ad":"0"},"jnews_primary_category":{"id":"","hide":""},"footnotes":""},"categories":[107],"tags":[],"class_list":["post-3213","post","type-post","status-publish","format-standard","has-post-thumbnail","hentry","category-justica"],"_links":{"self":[{"href":"https:\/\/cidadebaixaonline.com.br\/index.php\/wp-json\/wp\/v2\/posts\/3213","targetHints":{"allow":["GET"]}}],"collection":[{"href":"https:\/\/cidadebaixaonline.com.br\/index.php\/wp-json\/wp\/v2\/posts"}],"about":[{"href":"https:\/\/cidadebaixaonline.com.br\/index.php\/wp-json\/wp\/v2\/types\/post"}],"author":[{"embeddable":true,"href":"https:\/\/cidadebaixaonline.com.br\/index.php\/wp-json\/wp\/v2\/users\/2"}],"replies":[{"embeddable":true,"href":"https:\/\/cidadebaixaonline.com.br\/index.php\/wp-json\/wp\/v2\/comments?post=3213"}],"version-history":[{"count":0,"href":"https:\/\/cidadebaixaonline.com.br\/index.php\/wp-json\/wp\/v2\/posts\/3213\/revisions"}],"wp:featuredmedia":[{"embeddable":true,"href":"https:\/\/cidadebaixaonline.com.br\/index.php\/wp-json\/wp\/v2\/media\/3214"}],"wp:attachment":[{"href":"https:\/\/cidadebaixaonline.com.br\/index.php\/wp-json\/wp\/v2\/media?parent=3213"}],"wp:term":[{"taxonomy":"category","embeddable":true,"href":"https:\/\/cidadebaixaonline.com.br\/index.php\/wp-json\/wp\/v2\/categories?post=3213"},{"taxonomy":"post_tag","embeddable":true,"href":"https:\/\/cidadebaixaonline.com.br\/index.php\/wp-json\/wp\/v2\/tags?post=3213"}],"curies":[{"name":"wp","href":"https:\/\/api.w.org\/{rel}","templated":true}]}}