{"id":3204,"date":"2023-08-18T11:22:06","date_gmt":"2023-08-18T14:22:06","guid":{"rendered":"https:\/\/cidadebaixaonline.com.br\/?p=3204"},"modified":"2023-08-18T11:22:10","modified_gmt":"2023-08-18T14:22:10","slug":"desembargadores-do-tj-ba-recebem-honraria-com-presenca-do-presidente-da-amab","status":"publish","type":"post","link":"https:\/\/cidadebaixaonline.com.br\/index.php\/2023\/08\/18\/desembargadores-do-tj-ba-recebem-honraria-com-presenca-do-presidente-da-amab\/","title":{"rendered":"Desembargadores do TJ-BA recebem honraria com presen\u00e7a do presidente da Amab"},"content":{"rendered":"\n<p>Os desembargadores Rolemberg Costa, Angelo Jer\u00f4nimo Silva e Vita e Adonias Bastos foram homenageados com a Medalha do M\u00e9rito Judici\u00e1rio, Tribunal de Justi\u00e7a da Bahia (TJ-BA). A honraria foi entregue em uma solenidade realizada nesta quarta e quinta-feira (16 e 17), no Pleno do TJ-BA. O presidente da Associa\u00e7\u00e3o dos Magistrados da Bahia (Amab), o desembargador Julio Travessa, prestigiou a solenidade e saudou os colegas pela homenagem recebida.&nbsp;<\/p>\n\n\n\n<p>Rolemberg Costa e &nbsp;ngelo Jer\u00f4nimo foram promovidos pelos crit\u00e9rios de merecimento e antiguidade em dezembro de 2022. J\u00e1 o Desembargador Ant\u00f4nio Adonias foi o escolhido pelo ent\u00e3o governador da Bahia, Rui Costa, no ano passado, para ocupar uma vaga destinada ao quinto constitucional.<\/p>\n\n\n\n<p>A Medalha do M\u00e9rito Judici\u00e1rio do Estado da Bahia, criada por meio da Resolu\u00e7\u00e3o n\u00ba 2 do ano de 1983, busca considerar personalidades nacionais ou estrangeiras, por seus m\u00e9ritos e relevantes servi\u00e7os prestados ao Poder Judici\u00e1rio do Estado ou do Pa\u00eds.<\/p>\n","protected":false},"excerpt":{"rendered":"<p>Os desembargadores Rolemberg Costa, Angelo Jer\u00f4nimo Silva e Vita e Adonias Bastos foram homenageados com a Medalha do M\u00e9rito Judici\u00e1rio, Tribunal de Justi\u00e7a da Bahia (TJ-BA). A honraria foi entregue em uma solenidade realizada nesta quarta e quinta-feira (16 e 17), no Pleno do TJ-BA. O presidente da Associa\u00e7\u00e3o dos Magistrados da Bahia (Amab), o [&hellip;]<\/p>\n","protected":false},"author":2,"featured_media":3205,"comment_status":"open","ping_status":"open","sticky":false,"template":"","format":"standard","meta":{"jnews-multi-image_gallery":[],"jnews_single_post":{"subtitle":"","format":"standard","video":"","gallery":"","source_name":"","source_url":"","via_name":"","via_url":"","override_template":"0","override":[{"template":"1","single_blog_custom":"","parallax":"1","fullscreen":"1","layout":"right-sidebar","sidebar":"default-sidebar","second_sidebar":"default-sidebar","sticky_sidebar":"1","share_position":"top","share_float_style":"share-monocrhome","show_share_counter":"0","show_view_counter":"0","show_featured":"1","show_post_meta":"1","show_post_author":"0","show_post_author_image":"1","show_post_date":"1","post_date_format":"default","post_date_format_custom":"Y\/m\/d","show_post_category":"1","show_post_reading_time":"0","post_reading_time_wpm":"300","show_zoom_button":"0","zoom_button_out_step":"2","zoom_button_in_step":"3","show_post_tag":"1","show_prev_next_post":"1","show_popup_post":"1","number_popup_post":"1","show_author_box":"0","show_post_related":"0","show_inline_post_related":"0"}],"override_image_size":"0","image_override":[{"single_post_thumbnail_size":"no-crop","single_post_gallery_size":"crop-715"}],"trending_post":"0","trending_post_position":"meta","trending_post_label":"Trending","sponsored_post":"0","sponsored_post_label":"Sponsored by","sponsored_post_name":"","sponsored_post_url":"","sponsored_post_logo_enable":"0","sponsored_post_logo":"","sponsored_post_desc":"","disable_ad":"0"},"jnews_primary_category":{"id":"","hide":""},"footnotes":""},"categories":[85],"tags":[],"class_list":["post-3204","post","type-post","status-publish","format-standard","has-post-thumbnail","hentry","category-noticias"],"_links":{"self":[{"href":"https:\/\/cidadebaixaonline.com.br\/index.php\/wp-json\/wp\/v2\/posts\/3204","targetHints":{"allow":["GET"]}}],"collection":[{"href":"https:\/\/cidadebaixaonline.com.br\/index.php\/wp-json\/wp\/v2\/posts"}],"about":[{"href":"https:\/\/cidadebaixaonline.com.br\/index.php\/wp-json\/wp\/v2\/types\/post"}],"author":[{"embeddable":true,"href":"https:\/\/cidadebaixaonline.com.br\/index.php\/wp-json\/wp\/v2\/users\/2"}],"replies":[{"embeddable":true,"href":"https:\/\/cidadebaixaonline.com.br\/index.php\/wp-json\/wp\/v2\/comments?post=3204"}],"version-history":[{"count":0,"href":"https:\/\/cidadebaixaonline.com.br\/index.php\/wp-json\/wp\/v2\/posts\/3204\/revisions"}],"wp:featuredmedia":[{"embeddable":true,"href":"https:\/\/cidadebaixaonline.com.br\/index.php\/wp-json\/wp\/v2\/media\/3205"}],"wp:attachment":[{"href":"https:\/\/cidadebaixaonline.com.br\/index.php\/wp-json\/wp\/v2\/media?parent=3204"}],"wp:term":[{"taxonomy":"category","embeddable":true,"href":"https:\/\/cidadebaixaonline.com.br\/index.php\/wp-json\/wp\/v2\/categories?post=3204"},{"taxonomy":"post_tag","embeddable":true,"href":"https:\/\/cidadebaixaonline.com.br\/index.php\/wp-json\/wp\/v2\/tags?post=3204"}],"curies":[{"name":"wp","href":"https:\/\/api.w.org\/{rel}","templated":true}]}}