{"id":3179,"date":"2023-08-18T10:13:32","date_gmt":"2023-08-18T13:13:32","guid":{"rendered":"https:\/\/cidadebaixaonline.com.br\/?p=3179"},"modified":"2023-08-18T10:13:35","modified_gmt":"2023-08-18T13:13:35","slug":"desfalcado-vitoria-encara-botafogo-sp-para-se-manter-no-topo-da-serie-b","status":"publish","type":"post","link":"https:\/\/cidadebaixaonline.com.br\/index.php\/2023\/08\/18\/desfalcado-vitoria-encara-botafogo-sp-para-se-manter-no-topo-da-serie-b\/","title":{"rendered":"Desfalcado, Vit\u00f3ria encara Botafogo-SP para se manter no topo da S\u00e9rie B"},"content":{"rendered":"\n<p>O Vit\u00f3ria enfrenta o Botafogo-SP pela 24\u00aa rodada da S\u00e9rie B do Campeonato Brasileiro nesta sexta-feira (18), a partir das 19h, no Barrad\u00e3o. O Rubro-Negro ter\u00e1 10 desfalques para o duelo contra a equipe paulista.<\/p>\n\n\n\n<p>Yan Souto, Camutanga, Dudu, Wellington Nem e Jhonny Lucas est\u00e3o suspensos, j\u00e1 Giovanni Augusto Osvaldo, Railan, Rodrigo Andrade e Dion\u00edsio est\u00e3o entregues ao departamento m\u00e9dico e&nbsp; est\u00e3o fora do embate. Por outro lado, Iury Catilho, que sentiu dores na coxa no duelo contra o Cear\u00e1, est\u00e1 recuperado e ser\u00e1 titular no ataque rubro-negro.<\/p>\n\n\n\n<p>A partida pode valer a lideran\u00e7a para o Le\u00e3o, caso a equipe do t\u00e9cnico L\u00e9o Cond\u00e9 conquiste os tr\u00eas pontos e o Sport tropece contra o Guarani tamb\u00e9m nesta sexta (18), \u00e0s 21h30, em Campinas.<\/p>\n\n\n\n<p><strong>Confira a prov\u00e1vel escala\u00e7\u00e3o do Vit\u00f3ria<\/strong><\/p>\n\n\n\n<p>Lucas Arcanjo; Zeca, Jo\u00e3o Victor, Wagner Leonardo e Felipe Vieira; Matheus Trindade, Geg\u00ea e Matheuzinho; Mateus Gon\u00e7alves, Iury Castilho e L\u00e9o Gamalho. T\u00e9c: L\u00e9o Cond\u00e9<\/p>\n","protected":false},"excerpt":{"rendered":"<p>O Vit\u00f3ria enfrenta o Botafogo-SP pela 24\u00aa rodada da S\u00e9rie B do Campeonato Brasileiro nesta sexta-feira (18), a partir das 19h, no Barrad\u00e3o. O Rubro-Negro ter\u00e1 10 desfalques para o duelo contra a equipe paulista. Yan Souto, Camutanga, Dudu, Wellington Nem e Jhonny Lucas est\u00e3o suspensos, j\u00e1 Giovanni Augusto Osvaldo, Railan, Rodrigo Andrade e Dion\u00edsio [&hellip;]<\/p>\n","protected":false},"author":2,"featured_media":3180,"comment_status":"open","ping_status":"open","sticky":false,"template":"","format":"standard","meta":{"jnews-multi-image_gallery":[],"jnews_single_post":{"subtitle":"","format":"standard","video":"","gallery":"","source_name":"","source_url":"","via_name":"","via_url":"","override_template":"0","override":[{"template":"1","single_blog_custom":"","parallax":"1","fullscreen":"1","layout":"right-sidebar","sidebar":"default-sidebar","second_sidebar":"default-sidebar","sticky_sidebar":"1","share_position":"top","share_float_style":"share-monocrhome","show_share_counter":"0","show_view_counter":"0","show_featured":"1","show_post_meta":"1","show_post_author":"0","show_post_author_image":"1","show_post_date":"1","post_date_format":"default","post_date_format_custom":"Y\/m\/d","show_post_category":"1","show_post_reading_time":"0","post_reading_time_wpm":"300","show_zoom_button":"0","zoom_button_out_step":"2","zoom_button_in_step":"3","show_post_tag":"1","show_prev_next_post":"1","show_popup_post":"1","number_popup_post":"1","show_author_box":"0","show_post_related":"0","show_inline_post_related":"0"}],"override_image_size":"0","image_override":[{"single_post_thumbnail_size":"no-crop","single_post_gallery_size":"crop-715"}],"trending_post":"0","trending_post_position":"meta","trending_post_label":"Trending","sponsored_post":"0","sponsored_post_label":"Sponsored by","sponsored_post_name":"","sponsored_post_url":"","sponsored_post_logo_enable":"0","sponsored_post_logo":"","sponsored_post_desc":"","disable_ad":"0"},"jnews_primary_category":{"id":"","hide":""},"footnotes":""},"categories":[89],"tags":[],"class_list":["post-3179","post","type-post","status-publish","format-standard","has-post-thumbnail","hentry","category-esportes"],"_links":{"self":[{"href":"https:\/\/cidadebaixaonline.com.br\/index.php\/wp-json\/wp\/v2\/posts\/3179","targetHints":{"allow":["GET"]}}],"collection":[{"href":"https:\/\/cidadebaixaonline.com.br\/index.php\/wp-json\/wp\/v2\/posts"}],"about":[{"href":"https:\/\/cidadebaixaonline.com.br\/index.php\/wp-json\/wp\/v2\/types\/post"}],"author":[{"embeddable":true,"href":"https:\/\/cidadebaixaonline.com.br\/index.php\/wp-json\/wp\/v2\/users\/2"}],"replies":[{"embeddable":true,"href":"https:\/\/cidadebaixaonline.com.br\/index.php\/wp-json\/wp\/v2\/comments?post=3179"}],"version-history":[{"count":0,"href":"https:\/\/cidadebaixaonline.com.br\/index.php\/wp-json\/wp\/v2\/posts\/3179\/revisions"}],"wp:featuredmedia":[{"embeddable":true,"href":"https:\/\/cidadebaixaonline.com.br\/index.php\/wp-json\/wp\/v2\/media\/3180"}],"wp:attachment":[{"href":"https:\/\/cidadebaixaonline.com.br\/index.php\/wp-json\/wp\/v2\/media?parent=3179"}],"wp:term":[{"taxonomy":"category","embeddable":true,"href":"https:\/\/cidadebaixaonline.com.br\/index.php\/wp-json\/wp\/v2\/categories?post=3179"},{"taxonomy":"post_tag","embeddable":true,"href":"https:\/\/cidadebaixaonline.com.br\/index.php\/wp-json\/wp\/v2\/tags?post=3179"}],"curies":[{"name":"wp","href":"https:\/\/api.w.org\/{rel}","templated":true}]}}