{"id":3126,"date":"2023-08-17T13:50:04","date_gmt":"2023-08-17T16:50:04","guid":{"rendered":"https:\/\/cidadebaixaonline.com.br\/?p=3126"},"modified":"2023-08-17T13:50:06","modified_gmt":"2023-08-17T16:50:06","slug":"oms-nova-subvariante-da-covid-ja-foi-detectada-em-mais-de-50-paises","status":"publish","type":"post","link":"https:\/\/cidadebaixaonline.com.br\/index.php\/2023\/08\/17\/oms-nova-subvariante-da-covid-ja-foi-detectada-em-mais-de-50-paises\/","title":{"rendered":"OMS: nova subvariante da Covid j\u00e1 foi detectada em mais de 50 pa\u00edses"},"content":{"rendered":"\n<p>A Organiza\u00e7\u00e3o Mundial de Sa\u00fade emitiu um alerta para uma nova subvariante DO SARS-COV-2 cepa \u00d4micron, que foi denominada de EG.5 e considerada como &#8220;variante de interesse (VOI)&#8221;. At\u00e9 o momento, mais de 50 pa\u00edses j\u00e1 apresentaram registros da nova subvariante<\/p>\n\n\n\n<p>Segundo dados da OMS, a&nbsp;EG.5 possui muta\u00e7\u00f5es que conferem maior capacidade de transmiss\u00e3o e de escape imune, tornando esta nova VOI capaz de aumentar o n\u00famero de casos mundialmente e se tornar a cepa predominante, substituindo a XBB.1.16, atualmente predominante na maior parte dos pa\u00edses.<\/p>\n\n\n\n<p>Mesmo com essas caracter\u00edsticas, a OMS classificou a EG.5 como de &#8220;baixo risco para a sa\u00fade p\u00fablica em n\u00edvel global&#8221;, uma vez que n\u00e3o apresentou mudan\u00e7as no padr\u00e3o de gravidade de doen\u00e7a (hospitaliza\u00e7\u00e3o e \u00f3bitos) comparada \u00e0 XBB.1.16 e outras VOIs.&nbsp;<\/p>\n\n\n\n<p>At\u00e9 o momento, ainda n\u00e3o h\u00e1 registros de casos da nova subvariante em territ\u00f3rio brasileiro. No entanto, existe a possibilidade de que a EG.5 possa j\u00e1 estar circulando no pa\u00eds de forma silenciosa, devido ao baixo \u00edndice de coleta e an\u00e1lise gen\u00f4mica no Brasil.<\/p>\n\n\n\n<p>Apesar disto, n\u00e3o houve modifica\u00e7\u00e3o no cen\u00e1rio de casos notificados de covid-19 ou aumento de casos de S\u00edndrome Respirat\u00f3ria Aguda Grave (SRAG) no Brasil no momento, n\u00e3o havendo necessidade de mudan\u00e7a das recomenda\u00e7\u00f5es vigentes.&nbsp;<\/p>\n\n\n\n<p>Por meio de nota, a Sociedade Brasileira de Infectologia (SBI) recomendou \u00e0s autoridades de sa\u00fade nos \u00e2mbitos federal, estadual e municipal, a ado\u00e7\u00e3o de medidas para aumentar a coleta de testes diagn\u00f3sticos e a vigil\u00e2ncia gen\u00f4mica dos casos sintom\u00e1ticos de covid-19 para detec\u00e7\u00e3o precoce de mudan\u00e7a no cen\u00e1rio epidemiol\u00f3gico.<\/p>\n","protected":false},"excerpt":{"rendered":"<p>A Organiza\u00e7\u00e3o Mundial de Sa\u00fade emitiu um alerta para uma nova subvariante DO SARS-COV-2 cepa \u00d4micron, que foi denominada de EG.5 e considerada como &#8220;variante de interesse (VOI)&#8221;. At\u00e9 o momento, mais de 50 pa\u00edses j\u00e1 apresentaram registros da nova subvariante Segundo dados da OMS, a&nbsp;EG.5 possui muta\u00e7\u00f5es que conferem maior capacidade de transmiss\u00e3o e [&hellip;]<\/p>\n","protected":false},"author":2,"featured_media":3127,"comment_status":"open","ping_status":"open","sticky":false,"template":"","format":"standard","meta":{"jnews-multi-image_gallery":[],"jnews_single_post":{"subtitle":"","format":"standard","video":"","gallery":"","source_name":"","source_url":"","via_name":"","via_url":"","override_template":"0","override":[{"template":"1","single_blog_custom":"","parallax":"1","fullscreen":"1","layout":"right-sidebar","sidebar":"default-sidebar","second_sidebar":"default-sidebar","sticky_sidebar":"1","share_position":"top","share_float_style":"share-monocrhome","show_share_counter":"0","show_view_counter":"0","show_featured":"1","show_post_meta":"1","show_post_author":"0","show_post_author_image":"1","show_post_date":"1","post_date_format":"default","post_date_format_custom":"Y\/m\/d","show_post_category":"1","show_post_reading_time":"0","post_reading_time_wpm":"300","show_zoom_button":"0","zoom_button_out_step":"2","zoom_button_in_step":"3","show_post_tag":"1","show_prev_next_post":"1","show_popup_post":"1","number_popup_post":"1","show_author_box":"0","show_post_related":"0","show_inline_post_related":"0"}],"override_image_size":"0","image_override":[{"single_post_thumbnail_size":"no-crop","single_post_gallery_size":"crop-715"}],"trending_post":"0","trending_post_position":"meta","trending_post_label":"Trending","sponsored_post":"0","sponsored_post_label":"Sponsored by","sponsored_post_name":"","sponsored_post_url":"","sponsored_post_logo_enable":"0","sponsored_post_logo":"","sponsored_post_desc":"","disable_ad":"0"},"jnews_primary_category":{"id":"","hide":""},"footnotes":""},"categories":[94],"tags":[],"class_list":["post-3126","post","type-post","status-publish","format-standard","has-post-thumbnail","hentry","category-saude-2"],"_links":{"self":[{"href":"https:\/\/cidadebaixaonline.com.br\/index.php\/wp-json\/wp\/v2\/posts\/3126","targetHints":{"allow":["GET"]}}],"collection":[{"href":"https:\/\/cidadebaixaonline.com.br\/index.php\/wp-json\/wp\/v2\/posts"}],"about":[{"href":"https:\/\/cidadebaixaonline.com.br\/index.php\/wp-json\/wp\/v2\/types\/post"}],"author":[{"embeddable":true,"href":"https:\/\/cidadebaixaonline.com.br\/index.php\/wp-json\/wp\/v2\/users\/2"}],"replies":[{"embeddable":true,"href":"https:\/\/cidadebaixaonline.com.br\/index.php\/wp-json\/wp\/v2\/comments?post=3126"}],"version-history":[{"count":0,"href":"https:\/\/cidadebaixaonline.com.br\/index.php\/wp-json\/wp\/v2\/posts\/3126\/revisions"}],"wp:featuredmedia":[{"embeddable":true,"href":"https:\/\/cidadebaixaonline.com.br\/index.php\/wp-json\/wp\/v2\/media\/3127"}],"wp:attachment":[{"href":"https:\/\/cidadebaixaonline.com.br\/index.php\/wp-json\/wp\/v2\/media?parent=3126"}],"wp:term":[{"taxonomy":"category","embeddable":true,"href":"https:\/\/cidadebaixaonline.com.br\/index.php\/wp-json\/wp\/v2\/categories?post=3126"},{"taxonomy":"post_tag","embeddable":true,"href":"https:\/\/cidadebaixaonline.com.br\/index.php\/wp-json\/wp\/v2\/tags?post=3126"}],"curies":[{"name":"wp","href":"https:\/\/api.w.org\/{rel}","templated":true}]}}