{"id":3117,"date":"2023-08-17T11:40:34","date_gmt":"2023-08-17T14:40:34","guid":{"rendered":"https:\/\/cidadebaixaonline.com.br\/?p=3117"},"modified":"2023-08-17T11:40:36","modified_gmt":"2023-08-17T14:40:36","slug":"sandy-revela-motivacao-para-nao-mostrar-rosto-do-filho-entenda","status":"publish","type":"post","link":"https:\/\/cidadebaixaonline.com.br\/index.php\/2023\/08\/17\/sandy-revela-motivacao-para-nao-mostrar-rosto-do-filho-entenda\/","title":{"rendered":"Sandy revela motiva\u00e7\u00e3o para n\u00e3o mostrar rosto do filho; entenda"},"content":{"rendered":"\n<p>Sandy decidiu n\u00e3o mostrar publicamente o rosto do filho, Theo, de 9 anos, fruto do casamento com Lucas Lima. Durante participa\u00e7\u00e3o no podcast &#8220;Quem Pode, Pod&#8221;, a cantora revelou o que motivou a decis\u00e3o.<\/p>\n\n\n\n<p><em>\u201cPor enquanto, ningu\u00e9m sabe como \u00e9 a cara do Theo. Quem v\u00ea ele na rua sabe, f\u00e3s que veem ele chegando nos shows comigo e super respeitam a minha vontade. Mas se ele vai no shopping com a minha sogra ou com o pai de um amigo, ningu\u00e9m sabe quem ele \u00e9\u201d<\/em>, disse.<\/p>\n\n\n\n<p>No bate-papo com Giovanna Ewbank e Fernanda Paes Leme, a cantora ainda pontuou que morar em um lugar com poucos paparazzi ajuda no processo de manter a privacidade.<\/p>\n\n\n\n<p>Al\u00e9m disso, Sandy pede aos f\u00e3s e pais de colegas da escola de Theo, que n\u00e3o publiquem fotos do filho dela em redes sociais, seja em momentos com outros colegas ou na chegada de shows, por exemplo.<\/p>\n\n\n\n<p><em>\u201c\u00c9 muito bom poder dar essa op\u00e7\u00e3o para ele. Eu queria que essa escolha fosse dele [ser famoso] porque ele n\u00e3o tem nada a ver com a minha fama&#8221;<\/em>, finalizou Sandy. <\/p>\n","protected":false},"excerpt":{"rendered":"<p>Sandy decidiu n\u00e3o mostrar publicamente o rosto do filho, Theo, de 9 anos, fruto do casamento com Lucas Lima. Durante participa\u00e7\u00e3o no podcast &#8220;Quem Pode, Pod&#8221;, a cantora revelou o que motivou a decis\u00e3o. \u201cPor enquanto, ningu\u00e9m sabe como \u00e9 a cara do Theo. Quem v\u00ea ele na rua sabe, f\u00e3s que veem ele chegando [&hellip;]<\/p>\n","protected":false},"author":2,"featured_media":3118,"comment_status":"open","ping_status":"open","sticky":false,"template":"","format":"standard","meta":{"jnews-multi-image_gallery":[],"jnews_single_post":{"subtitle":"","format":"standard","video":"","gallery":"","source_name":"","source_url":"","via_name":"","via_url":"","override_template":"0","override":[{"template":"1","single_blog_custom":"","parallax":"1","fullscreen":"1","layout":"right-sidebar","sidebar":"default-sidebar","second_sidebar":"default-sidebar","sticky_sidebar":"1","share_position":"top","share_float_style":"share-monocrhome","show_share_counter":"0","show_view_counter":"0","show_featured":"1","show_post_meta":"1","show_post_author":"0","show_post_author_image":"1","show_post_date":"1","post_date_format":"default","post_date_format_custom":"Y\/m\/d","show_post_category":"1","show_post_reading_time":"0","post_reading_time_wpm":"300","show_zoom_button":"0","zoom_button_out_step":"2","zoom_button_in_step":"3","show_post_tag":"1","show_prev_next_post":"1","show_popup_post":"1","number_popup_post":"1","show_author_box":"0","show_post_related":"0","show_inline_post_related":"0"}],"override_image_size":"0","image_override":[{"single_post_thumbnail_size":"no-crop","single_post_gallery_size":"crop-715"}],"trending_post":"0","trending_post_position":"meta","trending_post_label":"Trending","sponsored_post":"0","sponsored_post_label":"Sponsored by","sponsored_post_name":"","sponsored_post_url":"","sponsored_post_logo_enable":"0","sponsored_post_logo":"","sponsored_post_desc":"","disable_ad":"0"},"jnews_primary_category":{"id":"","hide":""},"footnotes":""},"categories":[93],"tags":[],"class_list":["post-3117","post","type-post","status-publish","format-standard","has-post-thumbnail","hentry","category-entretenimento"],"_links":{"self":[{"href":"https:\/\/cidadebaixaonline.com.br\/index.php\/wp-json\/wp\/v2\/posts\/3117","targetHints":{"allow":["GET"]}}],"collection":[{"href":"https:\/\/cidadebaixaonline.com.br\/index.php\/wp-json\/wp\/v2\/posts"}],"about":[{"href":"https:\/\/cidadebaixaonline.com.br\/index.php\/wp-json\/wp\/v2\/types\/post"}],"author":[{"embeddable":true,"href":"https:\/\/cidadebaixaonline.com.br\/index.php\/wp-json\/wp\/v2\/users\/2"}],"replies":[{"embeddable":true,"href":"https:\/\/cidadebaixaonline.com.br\/index.php\/wp-json\/wp\/v2\/comments?post=3117"}],"version-history":[{"count":0,"href":"https:\/\/cidadebaixaonline.com.br\/index.php\/wp-json\/wp\/v2\/posts\/3117\/revisions"}],"wp:featuredmedia":[{"embeddable":true,"href":"https:\/\/cidadebaixaonline.com.br\/index.php\/wp-json\/wp\/v2\/media\/3118"}],"wp:attachment":[{"href":"https:\/\/cidadebaixaonline.com.br\/index.php\/wp-json\/wp\/v2\/media?parent=3117"}],"wp:term":[{"taxonomy":"category","embeddable":true,"href":"https:\/\/cidadebaixaonline.com.br\/index.php\/wp-json\/wp\/v2\/categories?post=3117"},{"taxonomy":"post_tag","embeddable":true,"href":"https:\/\/cidadebaixaonline.com.br\/index.php\/wp-json\/wp\/v2\/tags?post=3117"}],"curies":[{"name":"wp","href":"https:\/\/api.w.org\/{rel}","templated":true}]}}