{"id":3109,"date":"2023-08-17T10:40:32","date_gmt":"2023-08-17T13:40:32","guid":{"rendered":"https:\/\/cidadebaixaonline.com.br\/?p=3109"},"modified":"2023-08-17T10:40:34","modified_gmt":"2023-08-17T13:40:34","slug":"mesmo-com-paralisacao-dos-professores-secretaria-de-educacao-garante-manutencao-das-aulas","status":"publish","type":"post","link":"https:\/\/cidadebaixaonline.com.br\/index.php\/2023\/08\/17\/mesmo-com-paralisacao-dos-professores-secretaria-de-educacao-garante-manutencao-das-aulas\/","title":{"rendered":"Mesmo com paralisa\u00e7\u00e3o dos professores, Secretaria de Educa\u00e7\u00e3o garante manuten\u00e7\u00e3o das aulas"},"content":{"rendered":"\n<p>A Secretaria de Educa\u00e7\u00e3o (SEC) garantiu a normalidade das atividades escolares na rede estadual nesta quinta-feira (17), conforme comunicado enviado para diretores das unidades de ensino.\u00a0<\/p>\n\n\n\n<p>\u201cCumprimentando-os cordialmente, sirvo-me do presente para informar que nesta quinta-feira (dia 17) e em todos os dias letivos seguintes, as unidades da rede estadual de ensino da Bahia devem manter o seu funcionamento normal, cumprindo o hor\u00e1rio de in\u00edcio das aulas e de todas as atividades pedag\u00f3gicas previstas para acontecer ao longo do dia\u201d, diz um trecho do informativo. <\/p>\n\n\n\n<p>A posi\u00e7\u00e3o da pasta vem ap\u00f3s os professores da rede estadual de ensino anunciarem,\u00a0<a rel=\"noreferrer noopener\" href=\"https:\/\/www.bahianoticias.com.br\/noticia\/283329-professores-da-rede-estadual-anunciam-paralisacao-das-aulas-ate-a-proxima-terca-feira\" target=\"_blank\">na quarta\u00a0(16), que v\u00e3o paralisar as atividades at\u00e9 a pr\u00f3xima ter\u00e7a (20)<\/a>.\u00a0A categoria est\u00e1 insatisfeita\u00a0por conta da\u00a0n\u00e3o inclus\u00e3o de juros e mora no projeto que regulamenta o pagamento dos precat\u00f3rios do\u00a0<a rel=\"noreferrer noopener\" href=\"https:\/\/www.bahianoticias.com.br\/tags\/Fundef\" target=\"_blank\">Fundef<\/a>. A expectativa dos profissionais da educa\u00e7\u00e3o \u00e9 de que\u00a0a vota\u00e7\u00e3o do PL dos Precat\u00f3rios, aconte\u00e7a na ter\u00e7a,\u00a0na Assembleia Legislativa da Bahia (AL-BA).\u00a0<\/p>\n\n\n\n<p>No comunicado, a SEC acrescentou que as aus\u00eancias de professores e funcion\u00e1rios ser\u00e3o diariamente registradas e informadas. Veja a nota na \u00edntegra:<\/p>\n\n\n\n<p>Aos Diretores(as) de NTEs e de escolas da rede estadual de ensino,<\/p>\n\n\n\n<p>Assunto: Funcionamento unidades escolares<\/p>\n\n\n\n<p>Prezados (as) Senhores(as)<\/p>\n\n\n\n<p>Cumprimentando-os cordialmente, sirvo-me do presente para informar que nesta quinta-feira (dia 17) e em todos os dias letivos seguintes, as unidades da rede estadual de ensino da Bahia devem manter o seu funcionamento normal, cumprindo o hor\u00e1rio de in\u00edcio das aulas e de todas as atividades pedag\u00f3gicas previstas para acontecer ao longo do dia.<\/p>\n\n\n\n<p>A manuten\u00e7\u00e3o das atividades escolares \u00e9, antes de tudo, a garantia do acesso \u00e0 Educa\u00e7\u00e3o\u00a0 e do pleno direito \u00e0 aprendizagem, como assegura a legisla\u00e7\u00e3o brasileira.<\/p>\n\n\n\n<p>Adicionalmente informamos que as aus\u00eancias de professores e funcion\u00e1rios ser\u00e3o diariamente registradas e informadas.<\/p>\n\n\n\n<p>Fonte: Bahia Not\u00edcias <\/p>\n","protected":false},"excerpt":{"rendered":"<p>A Secretaria de Educa\u00e7\u00e3o (SEC) garantiu a normalidade das atividades escolares na rede estadual nesta quinta-feira (17), conforme comunicado enviado para diretores das unidades de ensino.\u00a0 \u201cCumprimentando-os cordialmente, sirvo-me do presente para informar que nesta quinta-feira (dia 17) e em todos os dias letivos seguintes, as unidades da rede estadual de ensino da Bahia devem [&hellip;]<\/p>\n","protected":false},"author":2,"featured_media":3111,"comment_status":"open","ping_status":"open","sticky":false,"template":"","format":"standard","meta":{"jnews-multi-image_gallery":[],"jnews_single_post":{"subtitle":"","format":"standard","video":"","gallery":"","source_name":"","source_url":"","via_name":"","via_url":"","override_template":"0","override":[{"template":"1","single_blog_custom":"","parallax":"1","fullscreen":"1","layout":"right-sidebar","sidebar":"default-sidebar","second_sidebar":"default-sidebar","sticky_sidebar":"1","share_position":"top","share_float_style":"share-monocrhome","show_share_counter":"0","show_view_counter":"0","show_featured":"1","show_post_meta":"1","show_post_author":"0","show_post_author_image":"1","show_post_date":"1","post_date_format":"default","post_date_format_custom":"Y\/m\/d","show_post_category":"1","show_post_reading_time":"0","post_reading_time_wpm":"300","show_zoom_button":"0","zoom_button_out_step":"2","zoom_button_in_step":"3","show_post_tag":"1","show_prev_next_post":"1","show_popup_post":"1","number_popup_post":"1","show_author_box":"0","show_post_related":"0","show_inline_post_related":"0"}],"override_image_size":"0","image_override":[{"single_post_thumbnail_size":"no-crop","single_post_gallery_size":"crop-715"}],"trending_post":"0","trending_post_position":"meta","trending_post_label":"Trending","sponsored_post":"0","sponsored_post_label":"Sponsored by","sponsored_post_name":"","sponsored_post_url":"","sponsored_post_logo_enable":"0","sponsored_post_logo":"","sponsored_post_desc":"","disable_ad":"0"},"jnews_primary_category":{"id":"","hide":""},"footnotes":""},"categories":[106,85],"tags":[],"class_list":["post-3109","post","type-post","status-publish","format-standard","has-post-thumbnail","hentry","category-educacao","category-noticias"],"_links":{"self":[{"href":"https:\/\/cidadebaixaonline.com.br\/index.php\/wp-json\/wp\/v2\/posts\/3109","targetHints":{"allow":["GET"]}}],"collection":[{"href":"https:\/\/cidadebaixaonline.com.br\/index.php\/wp-json\/wp\/v2\/posts"}],"about":[{"href":"https:\/\/cidadebaixaonline.com.br\/index.php\/wp-json\/wp\/v2\/types\/post"}],"author":[{"embeddable":true,"href":"https:\/\/cidadebaixaonline.com.br\/index.php\/wp-json\/wp\/v2\/users\/2"}],"replies":[{"embeddable":true,"href":"https:\/\/cidadebaixaonline.com.br\/index.php\/wp-json\/wp\/v2\/comments?post=3109"}],"version-history":[{"count":0,"href":"https:\/\/cidadebaixaonline.com.br\/index.php\/wp-json\/wp\/v2\/posts\/3109\/revisions"}],"wp:featuredmedia":[{"embeddable":true,"href":"https:\/\/cidadebaixaonline.com.br\/index.php\/wp-json\/wp\/v2\/media\/3111"}],"wp:attachment":[{"href":"https:\/\/cidadebaixaonline.com.br\/index.php\/wp-json\/wp\/v2\/media?parent=3109"}],"wp:term":[{"taxonomy":"category","embeddable":true,"href":"https:\/\/cidadebaixaonline.com.br\/index.php\/wp-json\/wp\/v2\/categories?post=3109"},{"taxonomy":"post_tag","embeddable":true,"href":"https:\/\/cidadebaixaonline.com.br\/index.php\/wp-json\/wp\/v2\/tags?post=3109"}],"curies":[{"name":"wp","href":"https:\/\/api.w.org\/{rel}","templated":true}]}}