{"id":2950,"date":"2023-08-10T11:40:27","date_gmt":"2023-08-10T14:40:27","guid":{"rendered":"https:\/\/cidadebaixaonline.com.br\/?p=2950"},"modified":"2023-08-10T11:42:34","modified_gmt":"2023-08-10T14:42:34","slug":"governo-da-bahia-publica-edital-de-convocacao-para-pms-da-reserva-veja","status":"publish","type":"post","link":"https:\/\/cidadebaixaonline.com.br\/index.php\/2023\/08\/10\/governo-da-bahia-publica-edital-de-convocacao-para-pms-da-reserva-veja\/","title":{"rendered":"Governo da Bahia publica edital de convoca\u00e7\u00e3o para PMs da reserva; veja"},"content":{"rendered":"\n<p>O governo da Bahia publicou na edi\u00e7\u00e3o do Di\u00e1rio Oficial do Estado desta quinta-feira (10), o edital de convoca\u00e7\u00e3o de policiais militares da reserva remunerada para presta\u00e7\u00e3o de servi\u00e7os espec\u00edficos na corpora\u00e7\u00e3o.&nbsp;<\/p>\n\n\n\n<p>De acordo com o documento, as inscri\u00e7\u00f5es ser\u00e3o abertas na pr\u00f3xima segunda-feira (14),&nbsp;se encerram no dia 28 de agosto e devem ser feitas de forma presencial em alguma&nbsp;unidade da PM. A divulga\u00e7\u00e3o do resultado da sele\u00e7\u00e3o est\u00e1 prevista para o dia 5 de outubro.&nbsp;Veja mais detalhes aqui.&nbsp;<\/p>\n\n\n\n<p>A&nbsp;medida foi anunciada&nbsp;pelo governador Jer\u00f4nimo Rodrigues (PT) na quarta (9), durante a entrega de 78 viaturas para 12 Companhias Independentes de Policiamento T\u00e1tico (CIPTs) da Pol\u00edcia Militar da Bahia.<\/p>\n\n\n\n<p>Jer\u00f4nimo comunicou que o n\u00famero de PMs convocados da reserva ser\u00e3o de 550 e que o governo baiano deve realocar alguns desses agentes que est\u00e3o no setor administrativo da pol\u00edcia para trabalharem nas ruas, em locais estrat\u00e9gicos, como uma das formas de combater a viol\u00eancia no estado.<\/p>\n\n\n\n<p>\u201cN\u00f3s naturalmente vamos pegar essas pessoas do administrativo, inform\u00e1tica, motorista e de m\u00fasica e colocaremos na rua em campo trabalhando. Al\u00e9m disso, eu posso garantir aqui que investimento, intelig\u00eancia e integra\u00e7\u00e3o entre o governo federal, o governo do estado e a parceria com os munic\u00edpios\u201d, relatou.<\/p>\n","protected":false},"excerpt":{"rendered":"<p>O governo da Bahia publicou na edi\u00e7\u00e3o do Di\u00e1rio Oficial do Estado desta quinta-feira (10), o edital de convoca\u00e7\u00e3o de policiais militares da reserva remunerada para presta\u00e7\u00e3o de servi\u00e7os espec\u00edficos na corpora\u00e7\u00e3o.&nbsp; De acordo com o documento, as inscri\u00e7\u00f5es ser\u00e3o abertas na pr\u00f3xima segunda-feira (14),&nbsp;se encerram no dia 28 de agosto e devem ser feitas [&hellip;]<\/p>\n","protected":false},"author":2,"featured_media":2951,"comment_status":"open","ping_status":"open","sticky":false,"template":"","format":"standard","meta":{"jnews-multi-image_gallery":[],"jnews_single_post":{"subtitle":"","format":"standard","video":"","gallery":"","source_name":"","source_url":"","via_name":"","via_url":"","override_template":"0","override":[{"template":"1","single_blog_custom":"","parallax":"1","fullscreen":"1","layout":"right-sidebar","sidebar":"default-sidebar","second_sidebar":"default-sidebar","sticky_sidebar":"1","share_position":"top","share_float_style":"share-monocrhome","show_share_counter":"0","show_view_counter":"0","show_featured":"1","show_post_meta":"1","show_post_author":"0","show_post_author_image":"1","show_post_date":"1","post_date_format":"default","post_date_format_custom":"Y\/m\/d","show_post_category":"1","show_post_reading_time":"0","post_reading_time_wpm":"300","show_zoom_button":"0","zoom_button_out_step":"2","zoom_button_in_step":"3","show_post_tag":"1","show_prev_next_post":"1","show_popup_post":"1","number_popup_post":"1","show_author_box":"0","show_post_related":"0","show_inline_post_related":"0"}],"override_image_size":"0","image_override":[{"single_post_thumbnail_size":"no-crop","single_post_gallery_size":"crop-715"}],"trending_post":"0","trending_post_position":"meta","trending_post_label":"Trending","sponsored_post":"0","sponsored_post_label":"Sponsored by","sponsored_post_name":"","sponsored_post_url":"","sponsored_post_logo_enable":"0","sponsored_post_logo":"","sponsored_post_desc":"","disable_ad":"0"},"jnews_primary_category":{"id":"","hide":""},"footnotes":""},"categories":[95],"tags":[],"class_list":["post-2950","post","type-post","status-publish","format-standard","has-post-thumbnail","hentry","category-emprego"],"_links":{"self":[{"href":"https:\/\/cidadebaixaonline.com.br\/index.php\/wp-json\/wp\/v2\/posts\/2950","targetHints":{"allow":["GET"]}}],"collection":[{"href":"https:\/\/cidadebaixaonline.com.br\/index.php\/wp-json\/wp\/v2\/posts"}],"about":[{"href":"https:\/\/cidadebaixaonline.com.br\/index.php\/wp-json\/wp\/v2\/types\/post"}],"author":[{"embeddable":true,"href":"https:\/\/cidadebaixaonline.com.br\/index.php\/wp-json\/wp\/v2\/users\/2"}],"replies":[{"embeddable":true,"href":"https:\/\/cidadebaixaonline.com.br\/index.php\/wp-json\/wp\/v2\/comments?post=2950"}],"version-history":[{"count":0,"href":"https:\/\/cidadebaixaonline.com.br\/index.php\/wp-json\/wp\/v2\/posts\/2950\/revisions"}],"wp:featuredmedia":[{"embeddable":true,"href":"https:\/\/cidadebaixaonline.com.br\/index.php\/wp-json\/wp\/v2\/media\/2951"}],"wp:attachment":[{"href":"https:\/\/cidadebaixaonline.com.br\/index.php\/wp-json\/wp\/v2\/media?parent=2950"}],"wp:term":[{"taxonomy":"category","embeddable":true,"href":"https:\/\/cidadebaixaonline.com.br\/index.php\/wp-json\/wp\/v2\/categories?post=2950"},{"taxonomy":"post_tag","embeddable":true,"href":"https:\/\/cidadebaixaonline.com.br\/index.php\/wp-json\/wp\/v2\/tags?post=2950"}],"curies":[{"name":"wp","href":"https:\/\/api.w.org\/{rel}","templated":true}]}}