{"id":2945,"date":"2023-08-10T11:32:46","date_gmt":"2023-08-10T14:32:46","guid":{"rendered":"https:\/\/cidadebaixaonline.com.br\/?p=2945"},"modified":"2023-08-10T11:32:50","modified_gmt":"2023-08-10T14:32:50","slug":"caes-farejadores-encontraram-cocaina-dentro-de-micro-ondas-em-onibus-de-turismo","status":"publish","type":"post","link":"https:\/\/cidadebaixaonline.com.br\/index.php\/2023\/08\/10\/caes-farejadores-encontraram-cocaina-dentro-de-micro-ondas-em-onibus-de-turismo\/","title":{"rendered":"C\u00e3es farejadores encontraram coca\u00edna dentro de micro-ondas em \u00f4nibus de turismo"},"content":{"rendered":"\n<p>C\u00e3es farejadores da Pol\u00edcia Rodovi\u00e1ria Federal (PRF) encontraram 1,5 kg de coca\u00edna escondidos dentro de um micro-ondas, na quarta-feira (9), dentro de um \u00f4nibus de turismo, em Vit\u00f3ria da Conquista, no sudoeste da Bahia. As informa\u00e7\u00f5es s\u00e3o do g1<\/p>\n\n\n\n<p>Segundo a PRF, por volta das 11h50, uma equipe do \u00f3rg\u00e3o fiscalizava em frente a unidade policial, no km 830 da BR-116, e abordou o ve\u00edculo. Ao subirem no \u00f4nibus e conversarem com os ocupantes, os policiais iniciaram uma vistoria no compartimento de bagagem.<\/p>\n\n\n\n<p>Os K9 Fridell e Kaleo, indicaram o procedimento conhecido como &#8220;presen\u00e7a de droga&#8221; dentro do forno el\u00e9trico. Ao abrirem o eletrodom\u00e9stico, os PRFs encontraram uma sacola de cor preta, com pacotes de coca\u00edna, prontas para comercializa\u00e7\u00e3o.<\/p>\n\n\n\n<p>Conforme relato do motorista, a caixa foi despachada na cidade de Santo Andr\u00e9, sendo identificado o remetente e o destinat\u00e1rio. A ocorr\u00eancia foi apresentada na Delegacia Territorial (DT) de Vit\u00f3ria da Conquista, para abertura do inqu\u00e9rito policial.<\/p>\n","protected":false},"excerpt":{"rendered":"<p>C\u00e3es farejadores da Pol\u00edcia Rodovi\u00e1ria Federal (PRF) encontraram 1,5 kg de coca\u00edna escondidos dentro de um micro-ondas, na quarta-feira (9), dentro de um \u00f4nibus de turismo, em Vit\u00f3ria da Conquista, no sudoeste da Bahia. As informa\u00e7\u00f5es s\u00e3o do g1 Segundo a PRF, por volta das 11h50, uma equipe do \u00f3rg\u00e3o fiscalizava em frente a unidade [&hellip;]<\/p>\n","protected":false},"author":2,"featured_media":2946,"comment_status":"open","ping_status":"open","sticky":false,"template":"","format":"standard","meta":{"jnews-multi-image_gallery":[],"jnews_single_post":{"subtitle":"","format":"standard","video":"","gallery":"","source_name":"","source_url":"","via_name":"","via_url":"","override_template":"0","override":[{"template":"1","single_blog_custom":"","parallax":"1","fullscreen":"1","layout":"right-sidebar","sidebar":"default-sidebar","second_sidebar":"default-sidebar","sticky_sidebar":"1","share_position":"top","share_float_style":"share-monocrhome","show_share_counter":"0","show_view_counter":"0","show_featured":"1","show_post_meta":"1","show_post_author":"0","show_post_author_image":"1","show_post_date":"1","post_date_format":"default","post_date_format_custom":"Y\/m\/d","show_post_category":"1","show_post_reading_time":"0","post_reading_time_wpm":"300","show_zoom_button":"0","zoom_button_out_step":"2","zoom_button_in_step":"3","show_post_tag":"1","show_prev_next_post":"1","show_popup_post":"1","number_popup_post":"1","show_author_box":"0","show_post_related":"0","show_inline_post_related":"0"}],"override_image_size":"0","image_override":[{"single_post_thumbnail_size":"no-crop","single_post_gallery_size":"crop-715"}],"trending_post":"0","trending_post_position":"meta","trending_post_label":"Trending","sponsored_post":"0","sponsored_post_label":"Sponsored by","sponsored_post_name":"","sponsored_post_url":"","sponsored_post_logo_enable":"0","sponsored_post_logo":"","sponsored_post_desc":"","disable_ad":"0"},"jnews_primary_category":{"id":"","hide":""},"footnotes":""},"categories":[105],"tags":[],"class_list":["post-2945","post","type-post","status-publish","format-standard","has-post-thumbnail","hentry","category-policia"],"_links":{"self":[{"href":"https:\/\/cidadebaixaonline.com.br\/index.php\/wp-json\/wp\/v2\/posts\/2945","targetHints":{"allow":["GET"]}}],"collection":[{"href":"https:\/\/cidadebaixaonline.com.br\/index.php\/wp-json\/wp\/v2\/posts"}],"about":[{"href":"https:\/\/cidadebaixaonline.com.br\/index.php\/wp-json\/wp\/v2\/types\/post"}],"author":[{"embeddable":true,"href":"https:\/\/cidadebaixaonline.com.br\/index.php\/wp-json\/wp\/v2\/users\/2"}],"replies":[{"embeddable":true,"href":"https:\/\/cidadebaixaonline.com.br\/index.php\/wp-json\/wp\/v2\/comments?post=2945"}],"version-history":[{"count":0,"href":"https:\/\/cidadebaixaonline.com.br\/index.php\/wp-json\/wp\/v2\/posts\/2945\/revisions"}],"wp:featuredmedia":[{"embeddable":true,"href":"https:\/\/cidadebaixaonline.com.br\/index.php\/wp-json\/wp\/v2\/media\/2946"}],"wp:attachment":[{"href":"https:\/\/cidadebaixaonline.com.br\/index.php\/wp-json\/wp\/v2\/media?parent=2945"}],"wp:term":[{"taxonomy":"category","embeddable":true,"href":"https:\/\/cidadebaixaonline.com.br\/index.php\/wp-json\/wp\/v2\/categories?post=2945"},{"taxonomy":"post_tag","embeddable":true,"href":"https:\/\/cidadebaixaonline.com.br\/index.php\/wp-json\/wp\/v2\/tags?post=2945"}],"curies":[{"name":"wp","href":"https:\/\/api.w.org\/{rel}","templated":true}]}}