{"id":2942,"date":"2023-08-10T10:48:23","date_gmt":"2023-08-10T13:48:23","guid":{"rendered":"https:\/\/cidadebaixaonline.com.br\/?p=2942"},"modified":"2023-08-10T10:48:24","modified_gmt":"2023-08-10T13:48:24","slug":"aulas-sao-suspensas-nos-bairros-de-iapi-e-pau-miudo-apos-acao-policial","status":"publish","type":"post","link":"https:\/\/cidadebaixaonline.com.br\/index.php\/2023\/08\/10\/aulas-sao-suspensas-nos-bairros-de-iapi-e-pau-miudo-apos-acao-policial\/","title":{"rendered":"Aulas s\u00e3o suspensas nos bairros de IAPI e Pau Mi\u00fado ap\u00f3s a\u00e7\u00e3o policial"},"content":{"rendered":"\n<p>Seis escolas da rede municipal de ensino dos bairros de IAPI e Pau Mi\u00fado, em Salvador, est\u00e3o com suas atividades suspensas desde quarta-feira (9), ap\u00f3s uma a\u00e7\u00e3o policial contra grupos criminosos na regi\u00e3o. Segundo a Secretaria Municipal da Educa\u00e7\u00e3o (Smed), 1.280 estudantes foram afetados.<\/p>\n\n\n\n<p>Um dos alvos da opera\u00e7\u00e3o policial desta quarta era Cristiano Silva dos Santos, conhecido como &#8220;Cris do Mur\u00e3o&#8221;, suspeito de cometer oito homic\u00eddios no IAPI. Ele foi morto em Salinas da Margarida, no rec\u00f4ncavo baiano, durante a a\u00e7\u00e3o.<\/p>\n\n\n\n<p>Al\u00e9m de &#8220;Cris do Mur\u00e3o&#8221;, outro homem, identificado como Douglas Aguiar de Santana, morreu em confronto com a pol\u00edcia. Dez pessoas foram presas e 19 mandados de busca e apreens\u00e3o foram cumpridos na capital baiana e em cidades vizinhas.<\/p>\n\n\n\n<p>Segundo o g1,&nbsp;n\u00e3o h\u00e1 detalhes se as aulas ser\u00e3o retomadas na quinta (10).<\/p>\n","protected":false},"excerpt":{"rendered":"<p>Seis escolas da rede municipal de ensino dos bairros de IAPI e Pau Mi\u00fado, em Salvador, est\u00e3o com suas atividades suspensas desde quarta-feira (9), ap\u00f3s uma a\u00e7\u00e3o policial contra grupos criminosos na regi\u00e3o. Segundo a Secretaria Municipal da Educa\u00e7\u00e3o (Smed), 1.280 estudantes foram afetados. Um dos alvos da opera\u00e7\u00e3o policial desta quarta era Cristiano Silva [&hellip;]<\/p>\n","protected":false},"author":2,"featured_media":2943,"comment_status":"open","ping_status":"open","sticky":false,"template":"","format":"standard","meta":{"jnews-multi-image_gallery":[],"jnews_single_post":{"subtitle":"","format":"standard","video":"","gallery":"","source_name":"","source_url":"","via_name":"","via_url":"","override_template":"0","override":[{"template":"1","single_blog_custom":"","parallax":"1","fullscreen":"1","layout":"right-sidebar","sidebar":"default-sidebar","second_sidebar":"default-sidebar","sticky_sidebar":"1","share_position":"top","share_float_style":"share-monocrhome","show_share_counter":"0","show_view_counter":"0","show_featured":"1","show_post_meta":"1","show_post_author":"0","show_post_author_image":"1","show_post_date":"1","post_date_format":"default","post_date_format_custom":"Y\/m\/d","show_post_category":"1","show_post_reading_time":"0","post_reading_time_wpm":"300","show_zoom_button":"0","zoom_button_out_step":"2","zoom_button_in_step":"3","show_post_tag":"1","show_prev_next_post":"1","show_popup_post":"1","number_popup_post":"1","show_author_box":"0","show_post_related":"0","show_inline_post_related":"0"}],"override_image_size":"0","image_override":[{"single_post_thumbnail_size":"no-crop","single_post_gallery_size":"crop-715"}],"trending_post":"0","trending_post_position":"meta","trending_post_label":"Trending","sponsored_post":"0","sponsored_post_label":"Sponsored by","sponsored_post_name":"","sponsored_post_url":"","sponsored_post_logo_enable":"0","sponsored_post_logo":"","sponsored_post_desc":"","disable_ad":"0"},"jnews_primary_category":{"id":"","hide":""},"footnotes":""},"categories":[83],"tags":[],"class_list":["post-2942","post","type-post","status-publish","format-standard","has-post-thumbnail","hentry","category-seguranca"],"_links":{"self":[{"href":"https:\/\/cidadebaixaonline.com.br\/index.php\/wp-json\/wp\/v2\/posts\/2942","targetHints":{"allow":["GET"]}}],"collection":[{"href":"https:\/\/cidadebaixaonline.com.br\/index.php\/wp-json\/wp\/v2\/posts"}],"about":[{"href":"https:\/\/cidadebaixaonline.com.br\/index.php\/wp-json\/wp\/v2\/types\/post"}],"author":[{"embeddable":true,"href":"https:\/\/cidadebaixaonline.com.br\/index.php\/wp-json\/wp\/v2\/users\/2"}],"replies":[{"embeddable":true,"href":"https:\/\/cidadebaixaonline.com.br\/index.php\/wp-json\/wp\/v2\/comments?post=2942"}],"version-history":[{"count":0,"href":"https:\/\/cidadebaixaonline.com.br\/index.php\/wp-json\/wp\/v2\/posts\/2942\/revisions"}],"wp:featuredmedia":[{"embeddable":true,"href":"https:\/\/cidadebaixaonline.com.br\/index.php\/wp-json\/wp\/v2\/media\/2943"}],"wp:attachment":[{"href":"https:\/\/cidadebaixaonline.com.br\/index.php\/wp-json\/wp\/v2\/media?parent=2942"}],"wp:term":[{"taxonomy":"category","embeddable":true,"href":"https:\/\/cidadebaixaonline.com.br\/index.php\/wp-json\/wp\/v2\/categories?post=2942"},{"taxonomy":"post_tag","embeddable":true,"href":"https:\/\/cidadebaixaonline.com.br\/index.php\/wp-json\/wp\/v2\/tags?post=2942"}],"curies":[{"name":"wp","href":"https:\/\/api.w.org\/{rel}","templated":true}]}}