{"id":2936,"date":"2023-08-10T10:32:10","date_gmt":"2023-08-10T13:32:10","guid":{"rendered":"https:\/\/cidadebaixaonline.com.br\/?p=2936"},"modified":"2023-08-10T10:32:12","modified_gmt":"2023-08-10T13:32:12","slug":"cao-querido-por-moradores-e-enterrado-sob-cortejo-funebre-em-cruz-das-almas","status":"publish","type":"post","link":"https:\/\/cidadebaixaonline.com.br\/index.php\/2023\/08\/10\/cao-querido-por-moradores-e-enterrado-sob-cortejo-funebre-em-cruz-das-almas\/","title":{"rendered":"C\u00e3o querido por moradores \u00e9 enterrado sob cortejo f\u00fanebre em Cruz das Almas"},"content":{"rendered":"\n<p>Um c\u00e3ozinho de rua querido por moradores ganhou um cortejo f\u00fanebre e foi enterrado sob forte como\u00e7\u00e3o nesta quarta-feira (9), em&nbsp;Cruz das Almas, no rec\u00f4ncavo baiano.<\/p>\n\n\n\n<p>Gordo, como era carinhosamente chamado, morreu um dia antes de ser sepultado em um s\u00edtio da cidade. O animal foi diagnosticado com insufici\u00eancia renal, segundo publica\u00e7\u00e3o em um perfil dedicado a ele no Instagram. Gordo chegou a ficar internado alguns dias no Hospital Veterin\u00e1rio da Universidade Federal do Rec\u00f4ncavo da Bahia (UFRB), mas n\u00e3o resistiu.<\/p>\n\n\n\n<p>&#8220;Nosso gordo se foi, virou estrelinha. Recebi agora a not\u00edcia da diretora do Hospital Veterin\u00e1rio. Estou indo para l\u00e1, tomar todas as provid\u00eancia para que ele tenha dignidade. Que ele tenha um enterro digno, porque ele merece&#8221;, comunicou, emocionada, a cuidadora de animais Karina Brito, por meio de um v\u00eddeo.<\/p>\n\n\n\n<p>Durante a despedida, o caix\u00e3o com o corpo do animal percorreu as ruas do munic\u00edpio em carro aberto. Por onde o ve\u00edculo passava, pessoas aplaudiam e davam adeus ao c\u00e3ozinho. Al\u00e9m do caix\u00e3o plotado com adesivos de pegadas caninas, a homenagem a Gordo teve direito a flores e camisa com foto dele.<\/p>\n\n\n\n<p>D\u00f3cil e alegre, o c\u00e3o tamb\u00e9m costumava marcar presen\u00e7a em eventos na cidade, incluindo enterros de moradores locais.<\/p>\n","protected":false},"excerpt":{"rendered":"<p>Um c\u00e3ozinho de rua querido por moradores ganhou um cortejo f\u00fanebre e foi enterrado sob forte como\u00e7\u00e3o nesta quarta-feira (9), em&nbsp;Cruz das Almas, no rec\u00f4ncavo baiano. Gordo, como era carinhosamente chamado, morreu um dia antes de ser sepultado em um s\u00edtio da cidade. O animal foi diagnosticado com insufici\u00eancia renal, segundo publica\u00e7\u00e3o em um perfil [&hellip;]<\/p>\n","protected":false},"author":2,"featured_media":2937,"comment_status":"open","ping_status":"open","sticky":false,"template":"","format":"standard","meta":{"jnews-multi-image_gallery":[],"jnews_single_post":{"subtitle":"","format":"standard","video":"","gallery":"","source_name":"","source_url":"","via_name":"","via_url":"","override_template":"0","override":[{"template":"1","single_blog_custom":"","parallax":"1","fullscreen":"1","layout":"right-sidebar","sidebar":"default-sidebar","second_sidebar":"default-sidebar","sticky_sidebar":"1","share_position":"top","share_float_style":"share-monocrhome","show_share_counter":"0","show_view_counter":"0","show_featured":"1","show_post_meta":"1","show_post_author":"0","show_post_author_image":"1","show_post_date":"1","post_date_format":"default","post_date_format_custom":"Y\/m\/d","show_post_category":"1","show_post_reading_time":"0","post_reading_time_wpm":"300","show_zoom_button":"0","zoom_button_out_step":"2","zoom_button_in_step":"3","show_post_tag":"1","show_prev_next_post":"1","show_popup_post":"1","number_popup_post":"1","show_author_box":"0","show_post_related":"0","show_inline_post_related":"0"}],"override_image_size":"0","image_override":[{"single_post_thumbnail_size":"no-crop","single_post_gallery_size":"crop-715"}],"trending_post":"0","trending_post_position":"meta","trending_post_label":"Trending","sponsored_post":"0","sponsored_post_label":"Sponsored by","sponsored_post_name":"","sponsored_post_url":"","sponsored_post_logo_enable":"0","sponsored_post_logo":"","sponsored_post_desc":"","disable_ad":"0"},"jnews_primary_category":{"id":"","hide":""},"footnotes":""},"categories":[85],"tags":[],"class_list":["post-2936","post","type-post","status-publish","format-standard","has-post-thumbnail","hentry","category-noticias"],"_links":{"self":[{"href":"https:\/\/cidadebaixaonline.com.br\/index.php\/wp-json\/wp\/v2\/posts\/2936","targetHints":{"allow":["GET"]}}],"collection":[{"href":"https:\/\/cidadebaixaonline.com.br\/index.php\/wp-json\/wp\/v2\/posts"}],"about":[{"href":"https:\/\/cidadebaixaonline.com.br\/index.php\/wp-json\/wp\/v2\/types\/post"}],"author":[{"embeddable":true,"href":"https:\/\/cidadebaixaonline.com.br\/index.php\/wp-json\/wp\/v2\/users\/2"}],"replies":[{"embeddable":true,"href":"https:\/\/cidadebaixaonline.com.br\/index.php\/wp-json\/wp\/v2\/comments?post=2936"}],"version-history":[{"count":0,"href":"https:\/\/cidadebaixaonline.com.br\/index.php\/wp-json\/wp\/v2\/posts\/2936\/revisions"}],"wp:featuredmedia":[{"embeddable":true,"href":"https:\/\/cidadebaixaonline.com.br\/index.php\/wp-json\/wp\/v2\/media\/2937"}],"wp:attachment":[{"href":"https:\/\/cidadebaixaonline.com.br\/index.php\/wp-json\/wp\/v2\/media?parent=2936"}],"wp:term":[{"taxonomy":"category","embeddable":true,"href":"https:\/\/cidadebaixaonline.com.br\/index.php\/wp-json\/wp\/v2\/categories?post=2936"},{"taxonomy":"post_tag","embeddable":true,"href":"https:\/\/cidadebaixaonline.com.br\/index.php\/wp-json\/wp\/v2\/tags?post=2936"}],"curies":[{"name":"wp","href":"https:\/\/api.w.org\/{rel}","templated":true}]}}