{"id":2898,"date":"2023-08-09T14:43:40","date_gmt":"2023-08-09T17:43:40","guid":{"rendered":"https:\/\/cidadebaixaonline.com.br\/?p=2898"},"modified":"2023-08-09T14:43:42","modified_gmt":"2023-08-09T17:43:42","slug":"onibus-voltam-a-circular-parcialmente-em-sao-marcos","status":"publish","type":"post","link":"https:\/\/cidadebaixaonline.com.br\/index.php\/2023\/08\/09\/onibus-voltam-a-circular-parcialmente-em-sao-marcos\/","title":{"rendered":"\u00d4nibus voltam a circular parcialmente em S\u00e3o Marcos"},"content":{"rendered":"\n<p>As linhas de \u00f4nibus est\u00e3o circulando apenas parcialmente no bairro de S\u00e3o Marcos, em Salvador, na tarde desta quarta-feira, 9. O servi\u00e7o havia sido totalmente interrompido pela manh\u00e3 ap\u00f3s\u00a0criminosos atearem fogo a um dos coletivos. <\/p>\n\n\n\n<p>Ao\u00a0Portal A TARDE, o representante das concession\u00e1rias, Jorge Castro, confirmou que os \u00f4nibus s\u00f3 est\u00e3o circulando na rua principal de S\u00e3o Marcos. N\u00e3o h\u00e1 previs\u00e3o para o retorno do transporte nas outras localidades. O policiamento foi refor\u00e7ado.<\/p>\n\n\n\n<p>O ataque aconteceu dois dias ap\u00f3s dois suspeitos de integrar uma organiza\u00e7\u00e3o criminosa morrerem em confronto com policiais militares, na localidade do Coroado, tamb\u00e9m em S\u00e3o Marcos. O caso\u00a0tem gerado transtorno\u00a0para a comunidade local, afetando, al\u00e9m do tr\u00e2nsito, a rede el\u00e9trica e as escolas da regi\u00e3o.\u00a0<\/p>\n\n\n\n<p>De acordo com a Coelba, as chamas atingiram cabos da rede el\u00e9trica e prejudicaram o fornecimento de energia de parte da rua. Mas segundo o \u00f3rg\u00e3o, a situa\u00e7\u00e3o j\u00e1 foi normalizada. Al\u00e9m disso, a Secretaria Municipal da Educa\u00e7\u00e3o (Smed) informou que as gest\u00f5es da Escola Municipal Manoel de Abreu e Centro Municipal De Educa\u00e7\u00e3o Infantil (Cmei) Eduardo Freitas, suspenderam as atividades para 334 alunos.<\/p>\n\n\n\n<p>Durante a entrega de oitenta e quatro novas viaturas, o governador Jer\u00f4nimo Rodrigues (PT) disse que o\u00a0ataque ao \u00f4nibus foi uma rea\u00e7\u00e3o dos criminosos\u00a0\u00e0s opera\u00e7\u00f5es policiais em combate ao crime organizado e ao tr\u00e1fico de drogas na capital baiana.<\/p>\n\n\n\n<p>&#8220;Voc\u00eas est\u00e3o vendo hoje, um \u00f4nibus que foi ateado fogo em um bairro aqui de salvador. Isso, naturalmente, \u00e9 uma rea\u00e7\u00e3o \u00e0s opera\u00e7\u00f5es que n\u00f3s estamos fazendo. N\u00f3s reafirmamos a firmeza nossa em rela\u00e7\u00e3o ao enfrentamento do crime organizado&#8221;, afirmou.<\/p>\n","protected":false},"excerpt":{"rendered":"<p>As linhas de \u00f4nibus est\u00e3o circulando apenas parcialmente no bairro de S\u00e3o Marcos, em Salvador, na tarde desta quarta-feira, 9. O servi\u00e7o havia sido totalmente interrompido pela manh\u00e3 ap\u00f3s\u00a0criminosos atearem fogo a um dos coletivos. Ao\u00a0Portal A TARDE, o representante das concession\u00e1rias, Jorge Castro, confirmou que os \u00f4nibus s\u00f3 est\u00e3o circulando na rua principal de [&hellip;]<\/p>\n","protected":false},"author":2,"featured_media":2899,"comment_status":"open","ping_status":"open","sticky":false,"template":"","format":"standard","meta":{"jnews-multi-image_gallery":[],"jnews_single_post":{"subtitle":"","format":"standard","video":"","gallery":"","source_name":"","source_url":"","via_name":"","via_url":"","override_template":"0","override":[{"template":"1","single_blog_custom":"","parallax":"1","fullscreen":"1","layout":"right-sidebar","sidebar":"default-sidebar","second_sidebar":"default-sidebar","sticky_sidebar":"1","share_position":"top","share_float_style":"share-monocrhome","show_share_counter":"0","show_view_counter":"0","show_featured":"1","show_post_meta":"1","show_post_author":"0","show_post_author_image":"1","show_post_date":"1","post_date_format":"default","post_date_format_custom":"Y\/m\/d","show_post_category":"1","show_post_reading_time":"0","post_reading_time_wpm":"300","show_zoom_button":"0","zoom_button_out_step":"2","zoom_button_in_step":"3","show_post_tag":"1","show_prev_next_post":"1","show_popup_post":"1","number_popup_post":"1","show_author_box":"0","show_post_related":"0","show_inline_post_related":"0"}],"override_image_size":"0","image_override":[{"single_post_thumbnail_size":"no-crop","single_post_gallery_size":"crop-715"}],"trending_post":"0","trending_post_position":"meta","trending_post_label":"Trending","sponsored_post":"0","sponsored_post_label":"Sponsored by","sponsored_post_name":"","sponsored_post_url":"","sponsored_post_logo_enable":"0","sponsored_post_logo":"","sponsored_post_desc":"","disable_ad":"0"},"jnews_primary_category":{"id":"","hide":""},"footnotes":""},"categories":[83],"tags":[],"class_list":["post-2898","post","type-post","status-publish","format-standard","has-post-thumbnail","hentry","category-seguranca"],"_links":{"self":[{"href":"https:\/\/cidadebaixaonline.com.br\/index.php\/wp-json\/wp\/v2\/posts\/2898","targetHints":{"allow":["GET"]}}],"collection":[{"href":"https:\/\/cidadebaixaonline.com.br\/index.php\/wp-json\/wp\/v2\/posts"}],"about":[{"href":"https:\/\/cidadebaixaonline.com.br\/index.php\/wp-json\/wp\/v2\/types\/post"}],"author":[{"embeddable":true,"href":"https:\/\/cidadebaixaonline.com.br\/index.php\/wp-json\/wp\/v2\/users\/2"}],"replies":[{"embeddable":true,"href":"https:\/\/cidadebaixaonline.com.br\/index.php\/wp-json\/wp\/v2\/comments?post=2898"}],"version-history":[{"count":0,"href":"https:\/\/cidadebaixaonline.com.br\/index.php\/wp-json\/wp\/v2\/posts\/2898\/revisions"}],"wp:featuredmedia":[{"embeddable":true,"href":"https:\/\/cidadebaixaonline.com.br\/index.php\/wp-json\/wp\/v2\/media\/2899"}],"wp:attachment":[{"href":"https:\/\/cidadebaixaonline.com.br\/index.php\/wp-json\/wp\/v2\/media?parent=2898"}],"wp:term":[{"taxonomy":"category","embeddable":true,"href":"https:\/\/cidadebaixaonline.com.br\/index.php\/wp-json\/wp\/v2\/categories?post=2898"},{"taxonomy":"post_tag","embeddable":true,"href":"https:\/\/cidadebaixaonline.com.br\/index.php\/wp-json\/wp\/v2\/tags?post=2898"}],"curies":[{"name":"wp","href":"https:\/\/api.w.org\/{rel}","templated":true}]}}