{"id":2892,"date":"2023-08-09T14:40:41","date_gmt":"2023-08-09T17:40:41","guid":{"rendered":"https:\/\/cidadebaixaonline.com.br\/?p=2892"},"modified":"2023-08-09T14:40:42","modified_gmt":"2023-08-09T17:40:42","slug":"lider-de-faccao-morto-em-acao-planejava-expandir-area-de-atuacao","status":"publish","type":"post","link":"https:\/\/cidadebaixaonline.com.br\/index.php\/2023\/08\/09\/lider-de-faccao-morto-em-acao-planejava-expandir-area-de-atuacao\/","title":{"rendered":"L\u00edder de fac\u00e7\u00e3o morto em a\u00e7\u00e3o planejava expandir \u00e1rea de atua\u00e7\u00e3o"},"content":{"rendered":"\n<p>O homem considerado l\u00edder de uma fac\u00e7\u00e3o criminosa que tinha como principal \u00e1rea de atua\u00e7\u00e3o o Bairro do IAPI e que morreu durante a megaopera\u00e7\u00e3o contra o tr\u00e1fico de drogas deflagrada na manh\u00e3 desta quarta-feira, 9, acumulava ao menos oito homic\u00eddios e uma extensa ficha na vida do crime. As informa\u00e7\u00f5es foram divulgadas durante entrevista coletiva na sede do Departamento de Homic\u00eddios e Prote\u00e7\u00e3o \u00e0 Pessoa (DHPP).<\/p>\n\n\n\n<p>De acordo com a diretora do DHPP, delegada Andr\u00e9a Ribeiro, um dos alvos da opera\u00e7\u00e3o batizada de &#8220;Murus&#8221;, Cristiano Silva dos Santos, o &#8220;Cris do Mur\u00e3o&#8221;, era o principal l\u00edder da fac\u00e7\u00e3o.<\/p>\n\n\n\n<p>&#8220;Esse indiv\u00edduo que vinha sendo acompanhado por nossas equipes desde o ano passado. Ele \u00e9 a principal lideran\u00e7a do grupo. Dele era voz de comando para v\u00e1rias dessas a\u00e7\u00f5es que foram aqui pontuadas, os seus subordinados agiam sob suas ordens, era ele quem determinava a vida ou a morte dentro da comunidade, ent\u00e3o um indiv\u00edduo de alt\u00edssima periculosidade que acabou morrendo em confronto com equipes da pol\u00edcia civil&#8221;.<\/p>\n\n\n\n<p>A delegada tamb\u00e9m salientou que a fac\u00e7\u00e3o criminosa que foi alvo da megaopera\u00e7\u00e3o planejava expandir \u00e1rea de atua\u00e7\u00e3o na capital baiana e em ou &#8220;\u00c9 uma opera\u00e7\u00e3o que chega num momento oportuno em que esse grupo criminoso que foi alcan\u00e7ado na data de hoje tenta expandir a sua atua\u00e7\u00e3o aqui na capital em outros pontos aqui do nosso estado e a gente acredita que n\u00f3s [&#8230;] Ele que mereceu a nossa aten\u00e7\u00e3o justamente porque ele tinha essa lideran\u00e7a. Era um indiv\u00edduo que conseguia mobilizar e regimentar indiv\u00edduos para esse tipo de expans\u00e3o de suas atividades. Ele era apontado como principal fornecedor de drogas e armas para a atua\u00e7\u00e3o desse grupo criminoso ali na regi\u00e3o do Iapi, onde existe um conglomerado de localidades como Mur\u00e3o, Bem Amado, Floresta, Milho e Brongo, complexo de localidades esses de onde partiam diversos bondes que atacavam indiv\u00edduos de localidades que eles visualizavam dominar tamb\u00e9m&#8221;.<\/p>\n\n\n\n<p>Ao todo, 10 mandados de pris\u00e3o foram cumpridos, sendo que dois j\u00e1 estavam no sistema prisional. Entre os presos, duas mulheres. 19 mandados de buscas e apreens\u00e3o tamb\u00e9m foram executados e resultaram em quatro carros (duster, uno e dois celtas) e duas motos, sendo que tr\u00eas possu\u00edam busca judicial e um ocorreu no curso da opera\u00e7\u00e3o por uso indevido (n\u00e3o havia registro de roubo, furto ou qualquer outra legalidade).<\/p>\n\n\n\n<p>Al\u00e9m de Cris do Mur\u00e3o, um outro integrante do grupo criminoso tamb\u00e9m acabou morrendo em confronto com a pol\u00edcia. O homem de prenome Douglas, que ocupava fun\u00e7\u00e3o de confian\u00e7a dentro da organiza\u00e7\u00e3o.<\/p>\n\n\n\n<p>&#8220;Douglas era tido como uma das pessoas de confian\u00e7a da grande lideran\u00e7a do grupo. Indiv\u00edduo tamb\u00e9m que estava com um mandado de pris\u00e3o preventiva decretada no curso da investiga\u00e7\u00e3o. Ele acabava fazendo essa liga\u00e7\u00e3o para o cumprimento das ordens emanadas pela lideran\u00e7a e fazia com que as ordens fossem cumpridas. Ent\u00e3o, ele fazia essa intermedia\u00e7\u00e3o entre as ordens da grande lideran\u00e7a com os indiv\u00edduos que efetivamente iriam vender a droga aqui na pista, como se chama&#8221;, concluiu a delegada.<\/p>\n\n\n\n<p><\/p>\n","protected":false},"excerpt":{"rendered":"<p>O homem considerado l\u00edder de uma fac\u00e7\u00e3o criminosa que tinha como principal \u00e1rea de atua\u00e7\u00e3o o Bairro do IAPI e que morreu durante a megaopera\u00e7\u00e3o contra o tr\u00e1fico de drogas deflagrada na manh\u00e3 desta quarta-feira, 9, acumulava ao menos oito homic\u00eddios e uma extensa ficha na vida do crime. As informa\u00e7\u00f5es foram divulgadas durante entrevista [&hellip;]<\/p>\n","protected":false},"author":2,"featured_media":2893,"comment_status":"open","ping_status":"open","sticky":false,"template":"","format":"standard","meta":{"jnews-multi-image_gallery":[],"jnews_single_post":{"subtitle":"","format":"standard","video":"","gallery":"","source_name":"","source_url":"","via_name":"","via_url":"","override_template":"0","override":[{"template":"1","single_blog_custom":"","parallax":"1","fullscreen":"1","layout":"right-sidebar","sidebar":"default-sidebar","second_sidebar":"default-sidebar","sticky_sidebar":"1","share_position":"top","share_float_style":"share-monocrhome","show_share_counter":"0","show_view_counter":"0","show_featured":"1","show_post_meta":"1","show_post_author":"0","show_post_author_image":"1","show_post_date":"1","post_date_format":"default","post_date_format_custom":"Y\/m\/d","show_post_category":"1","show_post_reading_time":"0","post_reading_time_wpm":"300","show_zoom_button":"0","zoom_button_out_step":"2","zoom_button_in_step":"3","show_post_tag":"1","show_prev_next_post":"1","show_popup_post":"1","number_popup_post":"1","show_author_box":"0","show_post_related":"0","show_inline_post_related":"0"}],"override_image_size":"0","image_override":[{"single_post_thumbnail_size":"no-crop","single_post_gallery_size":"crop-715"}],"trending_post":"0","trending_post_position":"meta","trending_post_label":"Trending","sponsored_post":"0","sponsored_post_label":"Sponsored by","sponsored_post_name":"","sponsored_post_url":"","sponsored_post_logo_enable":"0","sponsored_post_logo":"","sponsored_post_desc":"","disable_ad":"0"},"jnews_primary_category":{"id":"","hide":""},"footnotes":""},"categories":[105],"tags":[],"class_list":["post-2892","post","type-post","status-publish","format-standard","has-post-thumbnail","hentry","category-policia"],"_links":{"self":[{"href":"https:\/\/cidadebaixaonline.com.br\/index.php\/wp-json\/wp\/v2\/posts\/2892","targetHints":{"allow":["GET"]}}],"collection":[{"href":"https:\/\/cidadebaixaonline.com.br\/index.php\/wp-json\/wp\/v2\/posts"}],"about":[{"href":"https:\/\/cidadebaixaonline.com.br\/index.php\/wp-json\/wp\/v2\/types\/post"}],"author":[{"embeddable":true,"href":"https:\/\/cidadebaixaonline.com.br\/index.php\/wp-json\/wp\/v2\/users\/2"}],"replies":[{"embeddable":true,"href":"https:\/\/cidadebaixaonline.com.br\/index.php\/wp-json\/wp\/v2\/comments?post=2892"}],"version-history":[{"count":0,"href":"https:\/\/cidadebaixaonline.com.br\/index.php\/wp-json\/wp\/v2\/posts\/2892\/revisions"}],"wp:featuredmedia":[{"embeddable":true,"href":"https:\/\/cidadebaixaonline.com.br\/index.php\/wp-json\/wp\/v2\/media\/2893"}],"wp:attachment":[{"href":"https:\/\/cidadebaixaonline.com.br\/index.php\/wp-json\/wp\/v2\/media?parent=2892"}],"wp:term":[{"taxonomy":"category","embeddable":true,"href":"https:\/\/cidadebaixaonline.com.br\/index.php\/wp-json\/wp\/v2\/categories?post=2892"},{"taxonomy":"post_tag","embeddable":true,"href":"https:\/\/cidadebaixaonline.com.br\/index.php\/wp-json\/wp\/v2\/tags?post=2892"}],"curies":[{"name":"wp","href":"https:\/\/api.w.org\/{rel}","templated":true}]}}